{"id":90532,"date":"2022-06-07T09:00:09","date_gmt":"2022-06-07T12:00:09","guid":{"rendered":"https:\/\/primicias2262.com\/?p=90532"},"modified":"2022-06-07T09:00:09","modified_gmt":"2022-06-07T12:00:09","slug":"anunciaron-que-en-los-proximos-dias-reabrira-la-oficina-del-pami-en-quequen","status":"publish","type":"post","link":"https:\/\/primicias2262.com\/noticias\/anunciaron-que-en-los-proximos-dias-reabrira-la-oficina-del-pami-en-quequen\/","title":{"rendered":"Anunciaron que en los pr\u00f3ximos d\u00edas reabrir\u00e1 la oficina del PAMI en Quequ\u00e9n"},"content":{"rendered":"<p>La diputada provincial del Partido Fe, Natalia S\u00e1nchez J\u00e1uregui, confirm\u00f3 que el Instituto Nacional de Servicios Sociales para Jubilados y Pensionados (PAMI) reabrir\u00e1 en los\u00a0 la oficina que dicho organismo ten\u00eda en Quequ\u00e9n.<\/p>\n<p>A trav\u00e9s de sus redes sociales, PAMI indic\u00f3 que \u201ccon una agencia modelo, buen trato y mejor atenci\u00f3n le devolvemos a la comunidad quequenense el PAMI que se merece\u201d, recordando que, en 2019 a trav\u00e9s de la resoluci\u00f3n 225, \u201cla gesti\u00f3n anterior la cerr\u00f3 y dej\u00f3 a m\u00e1s de 2.600 personas afiliadas sin atenci\u00f3n\u201d.<\/p>\n<p>S\u00e1nchez J\u00e1uregui indic\u00f3 que \u201cdurante el tiempo en el que la oficina estuvo cerrada, unos 3.000 vecinos y vecinas mayores de edad se vieron obligados a trasladarse hasta Necochea para poder realizar los tr\u00e1mites pertinentes\u201d, sosteniendo que \u201ca\u00fan pandemia de COVID-19 mediante, nuestros adultos mayores sufrieron las consecuencias de las medidas tomadas por la gesti\u00f3n anterior\u201d.<\/p>\n<p>\u201cPor todo ello, fue que, desde nuestro trabajo en la C\u00e1mara de Diputados de la Provincia de Buenos Aires, nos encargamos de presentar un proyecto de declaraci\u00f3n nacido desde el reclamo de los quequenenses para que el PAMI revierta esta situaci\u00f3n y vuelva a abrir sus puertas\u201d, agreg\u00f3 la legisladora, por lo que se mostr\u00f3 \u201csumamente agradecida porque nuestro pedido fuera escuchado y esperamos con ansias la apertura de esta renovada oficina en Quequ\u00e9n\u201d.<\/p>\n<p>Seg\u00fan se indic\u00f3, las gestiones de la diputada comenzaron en 2021, ante organismos nacionales y provinciales y finalmente tuvieron efectos positivos, las cuales se ver\u00e1n plasmadas en los pr\u00f3ximos d\u00edas.<\/p>\n<p>Tambi\u00e9n es importante recordar que el Partido Fe puso a disposici\u00f3n de las personas afiliadas la realizaci\u00f3n de los tr\u00e1mites tanto on line como presenciales hasta tanto se lleve a cabo la reapertura de la Oficina de PAMI.<\/p>\n","protected":false},"excerpt":{"rendered":"<p>La diputada provincial del Partido Fe, Natalia S\u00e1nchez J\u00e1uregui, confirm\u00f3 que el Instituto Nacional de Servicios Sociales para Jubilados y Pensionados (PAMI) reabrir\u00e1 en los\u00a0 la oficina que dicho organismo ten\u00eda en Quequ\u00e9n. A trav\u00e9s de sus redes sociales, PAMI indic\u00f3 que \u201ccon una agencia modelo, buen trato y mejor atenci\u00f3n le devolvemos a la [&hellip;]<\/p>\n","protected":false},"author":3,"featured_media":90533,"comment_status":"closed","ping_status":"closed","sticky":false,"template":"","format":"standard","meta":{"footnotes":""},"categories":[3],"tags":[],"class_list":["post-90532","post","type-post","status-publish","format-standard","has-post-thumbnail","category-masnoticias"],"_links":{"self":[{"href":"https:\/\/primicias2262.com\/noticias\/wp-json\/wp\/v2\/posts\/90532","targetHints":{"allow":["GET"]}}],"collection":[{"href":"https:\/\/primicias2262.com\/noticias\/wp-json\/wp\/v2\/posts"}],"about":[{"href":"https:\/\/primicias2262.com\/noticias\/wp-json\/wp\/v2\/types\/post"}],"author":[{"embeddable":true,"href":"https:\/\/primicias2262.com\/noticias\/wp-json\/wp\/v2\/users\/3"}],"replies":[{"embeddable":true,"href":"https:\/\/primicias2262.com\/noticias\/wp-json\/wp\/v2\/comments?post=90532"}],"version-history":[{"count":0,"href":"https:\/\/primicias2262.com\/noticias\/wp-json\/wp\/v2\/posts\/90532\/revisions"}],"wp:attachment":[{"href":"https:\/\/primicias2262.com\/noticias\/wp-json\/wp\/v2\/media?parent=90532"}],"wp:term":[{"taxonomy":"category","embeddable":true,"href":"https:\/\/primicias2262.com\/noticias\/wp-json\/wp\/v2\/categories?post=90532"},{"taxonomy":"post_tag","embeddable":true,"href":"https:\/\/primicias2262.com\/noticias\/wp-json\/wp\/v2\/tags?post=90532"}],"curies":[{"name":"wp","href":"https:\/\/api.w.org\/{rel}","templated":true}]}}