{"id":90547,"date":"2022-06-07T13:59:19","date_gmt":"2022-06-07T16:59:19","guid":{"rendered":"https:\/\/primicias2262.com\/?p=90547"},"modified":"2022-06-07T13:59:19","modified_gmt":"2022-06-07T16:59:19","slug":"hugo-moller-en-el-dia-del-periodista-hoy-por-hoy-se-opina-con-mucha-liviandad","status":"publish","type":"post","link":"https:\/\/primicias2262.com\/noticias\/hugo-moller-en-el-dia-del-periodista-hoy-por-hoy-se-opina-con-mucha-liviandad\/","title":{"rendered":"Hugo Moller en el D\u00eda del Periodista: \u201cHoy por hoy, se opina con mucha liviandad\u201d"},"content":{"rendered":"<p>El multifac\u00e9tico trabajador de la prensa visit\u00f3 el estudio de \u00abVoces de la Ciudad\u00bb y en un mano a mano con su colega Jorge G\u00f3mez, conductor del ciclo matutino, critic\u00f3 al periodismo tendencioso y asegur\u00f3: \u201cEn el af\u00e1n de publicar r\u00e1pidamente, a veces, se publica con pocos o sin datos directamente\u201d.<\/p>\n<p>Aunque reiterativo, siempre es bueno poner en contexto que el D\u00eda del Periodista se celebra en Argentina cada 7 de junio conmemorando la hist\u00f3rica decisi\u00f3n de Mariano Moreno de fundar La Gazeta de Buenos Ayres, el primer peri\u00f3dico de la etapa independentista de nuestra patria, all\u00e1 por 1810; una fecha que termin\u00f3 por institucionalizarse un 25 de mayo de 1938, en el Primer Congreso de Periodistas realizado en C\u00f3rdoba.<\/p>\n<p>Han pasado 212 a\u00f1os de aquel hito y la profesi\u00f3n ha mutado de manera sustancial con el correr del tiempo, sobre todo en las \u00faltimas tres d\u00e9cadas, con la revoluci\u00f3n de las tecnolog\u00edas de la informaci\u00f3n y la comunicaci\u00f3n, un grupo diverso de pr\u00e1cticas, conocimientos y herramientas vinculados con el consumo y la transmisi\u00f3n de la informaci\u00f3n que se extendieron vertiginosamente, sobre todo, a ra\u00edz de la aparici\u00f3n de Internet.<\/p>\n<p>\u201cCuando decid\u00ed dedicarme al periodismo hab\u00eda una perspectiva y un panorama que hoy es totalmente distinto\u201d, comenz\u00f3 Moller. En ese entonces, \u201cla aspiraci\u00f3n que uno ten\u00eda era formarse, tener las herramientas de trabajo y poder desarrollarlas en una empresa period\u00edstica\u201d.<\/p>\n<p>\u201cHoy por hoy, un chico de 20 a\u00f1os que quiere estudiar tiene una perspectiva distinta, si es mejor o peor no lo s\u00e9, pero los medios se est\u00e1n achicando, est\u00e1n floreciendo otras alternativas como las redes sociales\u201d, defini\u00f3 el conductor televisivo, agregando que es \u201cmuy dificultoso ingresar a un medio period\u00edstico porque, aparte, esas empresas est\u00e1n en etapas de achicamiento en general o de transformaci\u00f3n; y de desaparici\u00f3n en otros casos\u201d.<\/p>\n<p>Sobre los cambios que han llevado a este presente, \u201cuno antes se enteraba de la noticia a trav\u00e9s del diario. Hoy, cuando uno tiene el diario en la mano la noticia ya es vieja\u201d, concluy\u00f3, recordando que este proceso comenz\u00f3 con la \u201cirrupci\u00f3n de las FM, en la d\u00e9cada de los \u201880, posteriormente fueron las p\u00e1ginas web, y hoy las noticias est\u00e1n en las redes sociales\u201d.<\/p>\n<p>Contextualizada esa situaci\u00f3n, el periodista se\u00f1al\u00f3 que \u201cen el af\u00e1n de publicar r\u00e1pidamente, a veces, se publica con pocos o sin datos directamente\u201d, para sumar a esta falla informativa de origen el agregado del creciente \u201cperiodismo militante\u201d que \u201cno creo que sea lo m\u00e1s adecuado\u201d, porque a pesar de que \u201cno exista la objetividad absoluta -todos tenemos cierta subjetividad, nuestro pensamiento e ideolog\u00eda, y no podemos desecharla-, lo que tiene que haber es que la mejor honestidad intelectual\u201d.<\/p>\n<p>\u201cHay un hecho que es noticia, despu\u00e9s est\u00e1 la interpretaci\u00f3n y la opini\u00f3n. Lo que veo es que, en algunos casos, algunos comienzan en esta profesi\u00f3n opinando\u201d, alert\u00f3 el trabajador de los medios, acord\u00e1ndose de sus iniciales tiempos en el matutino local cuando sinti\u00f3 orgullo al ver publicada su primera nota de opini\u00f3n. \u201cLlev\u00f3 mucho tiempo hasta que alguien me dijo: \u2018vos que pens\u00e1s tal cosa sobre eso, por qu\u00e9 no lo escrib\u00eds y le pon\u00e9s tu nombre\u2019\u201d.<\/p>\n<p>En el plano dom\u00e9stico, Moller consider\u00f3, en primer t\u00e9rmino, que \u201cen el mundo globalizado hay que poner acento en mayor informaci\u00f3n local y, a veces, se sabe m\u00e1s de lo que sucede afuera de las fronteras que adentro de la ciudad\u201d, y, m\u00e1s punzante a\u00fan: \u201cHoy por hoy se opina con mucha liviandad, muy r\u00e1pidamente, y una tendencia muy marcada, en algunos casos\u201d.<\/p>\n<p>\u201cHay de todo, pero yo creo que la gente no es tonta y termina sabiendo cu\u00e1l es cada medio o cada profesional. Cada uno puede tener su postura, su ideolog\u00eda; puede ver mal o bien una acci\u00f3n de un gobierno, independientemente de esa ideolog\u00eda; pero, cuando uno tiene que informar tiene que dar los datos, despu\u00e9s est\u00e1 la opini\u00f3n. Eso es lo que hay que diferenciar. Creo que hay que empezar con lo primero y luego opinar\u201d, porque, \u201cadem\u00e1s, tenemos derecho a opinar\u201d, cerr\u00f3 la idea el comunicador con convencimiento.<\/p>\n<p>Para despedirse, no dud\u00f3 en homenajear a quienes \u201cejercen con dignidad esta profesi\u00f3n\u201d. Para aquellos colegas, dese\u00f3 \u201cque les pueda ser un medio de vida, un medio de trabajo y que puedan vivir dignamente\u201d. Y qui\u00e9n mejor que \u00e9l para celebrar esta labor, que es nada menos que la de informar y, al mismo tiempo, formar, algo tan simple y tan necesario para construir una sociedad pensante que pueda tomar decisiones bien orientadas.<\/p>\n","protected":false},"excerpt":{"rendered":"<p>El multifac\u00e9tico trabajador de la prensa visit\u00f3 el estudio de \u00abVoces de la Ciudad\u00bb y en un mano a mano con su colega Jorge G\u00f3mez, conductor del ciclo matutino, critic\u00f3 al periodismo tendencioso y asegur\u00f3: \u201cEn el af\u00e1n de publicar r\u00e1pidamente, a veces, se publica con pocos o sin datos directamente\u201d. Aunque reiterativo, siempre es [&hellip;]<\/p>\n","protected":false},"author":3,"featured_media":90548,"comment_status":"closed","ping_status":"closed","sticky":false,"template":"","format":"standard","meta":{"footnotes":""},"categories":[3],"tags":[],"class_list":["post-90547","post","type-post","status-publish","format-standard","has-post-thumbnail","category-masnoticias"],"_links":{"self":[{"href":"https:\/\/primicias2262.com\/noticias\/wp-json\/wp\/v2\/posts\/90547","targetHints":{"allow":["GET"]}}],"collection":[{"href":"https:\/\/primicias2262.com\/noticias\/wp-json\/wp\/v2\/posts"}],"about":[{"href":"https:\/\/primicias2262.com\/noticias\/wp-json\/wp\/v2\/types\/post"}],"author":[{"embeddable":true,"href":"https:\/\/primicias2262.com\/noticias\/wp-json\/wp\/v2\/users\/3"}],"replies":[{"embeddable":true,"href":"https:\/\/primicias2262.com\/noticias\/wp-json\/wp\/v2\/comments?post=90547"}],"version-history":[{"count":0,"href":"https:\/\/primicias2262.com\/noticias\/wp-json\/wp\/v2\/posts\/90547\/revisions"}],"wp:attachment":[{"href":"https:\/\/primicias2262.com\/noticias\/wp-json\/wp\/v2\/media?parent=90547"}],"wp:term":[{"taxonomy":"category","embeddable":true,"href":"https:\/\/primicias2262.com\/noticias\/wp-json\/wp\/v2\/categories?post=90547"},{"taxonomy":"post_tag","embeddable":true,"href":"https:\/\/primicias2262.com\/noticias\/wp-json\/wp\/v2\/tags?post=90547"}],"curies":[{"name":"wp","href":"https:\/\/api.w.org\/{rel}","templated":true}]}}