{"id":90550,"date":"2022-06-07T14:21:49","date_gmt":"2022-06-07T17:21:49","guid":{"rendered":"https:\/\/primicias2262.com\/?p=90550"},"modified":"2022-06-07T14:21:49","modified_gmt":"2022-06-07T17:21:49","slug":"ate-reclama-mejoras-edilicias-y-sanitarias-en-el-centro-civico","status":"publish","type":"post","link":"https:\/\/primicias2262.com\/noticias\/ate-reclama-mejoras-edilicias-y-sanitarias-en-el-centro-civico\/","title":{"rendered":"ATE reclama mejoras edilicias y sanitarias en el Centro C\u00edvico"},"content":{"rendered":"<p>La seccional Necochea de ATE present\u00f3 una nota en la delegaci\u00f3n del Ministerio de Trabajo, en la que soliucita la intervenci\u00f3n del organismo para lograr una pronta soluci\u00f3n a los problemas sanitarios y de infraestructura que presenta el edificio del Centro C\u00edvico.<\/p>\n<p>Mediante un comunicado de prensa, el gremio indic\u00f3 que \u00abla situaci\u00f3n edilicia representa un potencial riesgo para la salud de los trabajadores y trabajadoras, quienes se ven expuestos cotidianamente a convivir en un ambiente poco higi\u00e9nico, con plumas y excrementos secos de las aves que habitan los techos\u00bb.<\/p>\n<p>A\u00f1adi\u00f3 que \u00abel cotidiano bullicio de las aves entorpece el normal funcionamiento laboral, circunstancia que tambi\u00e9n afecta a la comunidad\u00bb y destac\u00f3 que \u00abel edificio no cuenta con salidas de emergencia, los ba\u00f1os est\u00e1n en condiciones sumamente deplorables, las t\u00e9rmicas y el cableado el\u00e9ctrico son viejos, lo que produce cortes de energ\u00eda\u00bb.<\/p>\n<p>\u00abLos trabajadores han apelado a disminuir la ca\u00edda de excrementos tapando las fisuras de los paneles del techo con cinta adhesiva, circunstancia que no resuelve efectivamente la problem\u00e1tica, sino que la atempera\u00bb, asegur\u00f3 la ATE.<\/p>\n<p>Finalemente, el gremio justific\u00f3 el pedido de intervenci\u00f3n del Ministerio de Trabajos tras los reiterados reclamos que han venido formulando los y las trabajadoras de las distintas oficinas que funcionan en el Centro C\u00edvico.<\/p>\n","protected":false},"excerpt":{"rendered":"<p>La seccional Necochea de ATE present\u00f3 una nota en la delegaci\u00f3n del Ministerio de Trabajo, en la que soliucita la intervenci\u00f3n del organismo para lograr una pronta soluci\u00f3n a los problemas sanitarios y de infraestructura que presenta el edificio del Centro C\u00edvico. Mediante un comunicado de prensa, el gremio indic\u00f3 que \u00abla situaci\u00f3n edilicia representa [&hellip;]<\/p>\n","protected":false},"author":3,"featured_media":90551,"comment_status":"closed","ping_status":"closed","sticky":false,"template":"","format":"standard","meta":{"footnotes":""},"categories":[3],"tags":[],"class_list":["post-90550","post","type-post","status-publish","format-standard","has-post-thumbnail","category-masnoticias"],"_links":{"self":[{"href":"https:\/\/primicias2262.com\/noticias\/wp-json\/wp\/v2\/posts\/90550","targetHints":{"allow":["GET"]}}],"collection":[{"href":"https:\/\/primicias2262.com\/noticias\/wp-json\/wp\/v2\/posts"}],"about":[{"href":"https:\/\/primicias2262.com\/noticias\/wp-json\/wp\/v2\/types\/post"}],"author":[{"embeddable":true,"href":"https:\/\/primicias2262.com\/noticias\/wp-json\/wp\/v2\/users\/3"}],"replies":[{"embeddable":true,"href":"https:\/\/primicias2262.com\/noticias\/wp-json\/wp\/v2\/comments?post=90550"}],"version-history":[{"count":0,"href":"https:\/\/primicias2262.com\/noticias\/wp-json\/wp\/v2\/posts\/90550\/revisions"}],"wp:attachment":[{"href":"https:\/\/primicias2262.com\/noticias\/wp-json\/wp\/v2\/media?parent=90550"}],"wp:term":[{"taxonomy":"category","embeddable":true,"href":"https:\/\/primicias2262.com\/noticias\/wp-json\/wp\/v2\/categories?post=90550"},{"taxonomy":"post_tag","embeddable":true,"href":"https:\/\/primicias2262.com\/noticias\/wp-json\/wp\/v2\/tags?post=90550"}],"curies":[{"name":"wp","href":"https:\/\/api.w.org\/{rel}","templated":true}]}}