{"id":90553,"date":"2022-06-07T14:31:53","date_gmt":"2022-06-07T17:31:53","guid":{"rendered":"https:\/\/primicias2262.com\/?p=90553"},"modified":"2022-06-07T14:31:53","modified_gmt":"2022-06-07T17:31:53","slug":"el-inaes-organiza-el-tercer-encuentro-por-la-produccion-y-el-trabajo","status":"publish","type":"post","link":"https:\/\/primicias2262.com\/noticias\/el-inaes-organiza-el-tercer-encuentro-por-la-produccion-y-el-trabajo\/","title":{"rendered":"El INAES organiza el Tercer Encuentro por la Producci\u00f3n y el Trabajo"},"content":{"rendered":"<p>La jornada se realizar\u00e1 el este mi\u00e9rcoles 8 de junio en las instalaciones del Banco Credicoop, con el objetivo de articular el evento con la llegada de \u201cEl Estado en Tu Barrio\u201d a Quequ\u00e9n. \u201cEstamos pensando en la estrategia de la integraci\u00f3n cooperativa\u201d, explic\u00f3 Diego Britos, representante local de la entidad.<\/p>\n<p>Diego Britos, representante del Instituto Nacional de Asociativismo y Econom\u00eda Social (INAES) a nivel local, pas\u00f3 por el aire de Voces de la Ciudad para adelantar detalles del Tercer Encuentro por la Producci\u00f3n y el Trabajo, una charla que se complementar\u00e1 con la jornada de \u201cEl Estado en tu Barrio\u201d, el programa nacional que acerca servicios y prestaciones del Estado a cada rinc\u00f3n del pa\u00eds y que llegar\u00e1 ese mismo d\u00eda a la Plaza Hip\u00f3lito Yrigoyen de Quequ\u00e9n.<\/p>\n<p>\u201cAprovechando que vienen funcionarios nacionales y provinciales, la idea es mostrarles el sector cooperativo local, que est\u00e1 m\u00e1s vigente que nunca y que tiene mucha fuerza para potenciar la producci\u00f3n y el trabajo\u201d, asegur\u00f3 el dirigente sobre el encuentro que se desarrollar\u00e1 este mi\u00e9rcoles 8 de junio, a las 18, en las instalaciones del Banco Credicoop en calle 62 al 3132.<\/p>\n<p>Al hacer referencia a las aristas del trabajo que llevan adelante en territorio, el tambi\u00e9n referente del Movimiento Evita explic\u00f3 en la ma\u00f1ana de FM Vinilo 103.5 MHz que \u201cestamos recorriendo las instituciones, pensando en la estrategia de la integraci\u00f3n cooperativa, que es algo que nos interesa mucho. Ver de qu\u00e9 manera el sector se potencia uniendo todas las partes, c\u00f3mo se pueden sumar las cooperativas a este c\u00edrculo virtuoso que se est\u00e1 generando entre el trabajo cooperativo, los servicios cooperativos y la producci\u00f3n agropecuaria cooperativa\u201d.<\/p>\n<p>Tras calificar como muy bueno al v\u00ednculo que mantienen con las cooperativas agropecuarias, Britos puso como ejemplo de la pol\u00edtica que se busca implementar desde el instituto al acercamiento de un grupo de productores tamberos con la f\u00e1brica de quesos y cerveza artesanal La Dulzura: \u201cEs un c\u00edrculo virtuoso que genera muchos puestos de empleo\u201d, esgrimi\u00f3.<\/p>\n<p>Para poner en valor el trabajo que se realiza desde estas agrupaciones, el referente de INAES afirm\u00f3 que \u201cel asociativismo es algo que en Argentina tiene un desarrollo muy importante. El productor agropecuario viene desarroll\u00e1ndose de esta forma desde hace 100 a\u00f1os; y el pa\u00eds hoy es un ejemplo, presidiendo la Alianza Cooperativa Internacional\u201d.<\/p>\n<p>\u201cEl cooperativismo difunde valores que son muy positivos, que tienen que ver con la ayuda mutua, con pensar en el otro, con la solidaridad. Valores que nos ayudan a vivir en comunidad\u201d y \u201cel desaf\u00edo que propone esta nueva gesti\u00f3n de INAES es integrar a todos los sectores del trabajo y de la econom\u00eda popular dentro del esquema de integraci\u00f3n cooperativa, para que ese c\u00edrculo virtuoso genere un desarrollo para todos\u201d, termin\u00f3 definiendo el referente de la entidad.<\/p>\n","protected":false},"excerpt":{"rendered":"<p>La jornada se realizar\u00e1 el este mi\u00e9rcoles 8 de junio en las instalaciones del Banco Credicoop, con el objetivo de articular el evento con la llegada de \u201cEl Estado en Tu Barrio\u201d a Quequ\u00e9n. \u201cEstamos pensando en la estrategia de la integraci\u00f3n cooperativa\u201d, explic\u00f3 Diego Britos, representante local de la entidad. Diego Britos, representante del [&hellip;]<\/p>\n","protected":false},"author":3,"featured_media":90554,"comment_status":"closed","ping_status":"closed","sticky":false,"template":"","format":"standard","meta":{"footnotes":""},"categories":[3],"tags":[],"class_list":["post-90553","post","type-post","status-publish","format-standard","has-post-thumbnail","category-masnoticias"],"_links":{"self":[{"href":"https:\/\/primicias2262.com\/noticias\/wp-json\/wp\/v2\/posts\/90553","targetHints":{"allow":["GET"]}}],"collection":[{"href":"https:\/\/primicias2262.com\/noticias\/wp-json\/wp\/v2\/posts"}],"about":[{"href":"https:\/\/primicias2262.com\/noticias\/wp-json\/wp\/v2\/types\/post"}],"author":[{"embeddable":true,"href":"https:\/\/primicias2262.com\/noticias\/wp-json\/wp\/v2\/users\/3"}],"replies":[{"embeddable":true,"href":"https:\/\/primicias2262.com\/noticias\/wp-json\/wp\/v2\/comments?post=90553"}],"version-history":[{"count":0,"href":"https:\/\/primicias2262.com\/noticias\/wp-json\/wp\/v2\/posts\/90553\/revisions"}],"wp:attachment":[{"href":"https:\/\/primicias2262.com\/noticias\/wp-json\/wp\/v2\/media?parent=90553"}],"wp:term":[{"taxonomy":"category","embeddable":true,"href":"https:\/\/primicias2262.com\/noticias\/wp-json\/wp\/v2\/categories?post=90553"},{"taxonomy":"post_tag","embeddable":true,"href":"https:\/\/primicias2262.com\/noticias\/wp-json\/wp\/v2\/tags?post=90553"}],"curies":[{"name":"wp","href":"https:\/\/api.w.org\/{rel}","templated":true}]}}