{"id":90556,"date":"2022-06-07T14:46:37","date_gmt":"2022-06-07T17:46:37","guid":{"rendered":"https:\/\/primicias2262.com\/?p=90556"},"modified":"2022-06-07T14:46:37","modified_gmt":"2022-06-07T17:46:37","slug":"este-miercoles-llegara-a-quequen-el-estado-en-tu-barrio","status":"publish","type":"post","link":"https:\/\/primicias2262.com\/noticias\/este-miercoles-llegara-a-quequen-el-estado-en-tu-barrio\/","title":{"rendered":"Este mi\u00e9rcoles llegar\u00e1 a Quequ\u00e9n \u00abEl Estado en tu barrio\u00bb"},"content":{"rendered":"<p style=\"font-weight: 400;\">Este mi\u00e9rcoles 8 de junio El Estado en tu barrio estar\u00e1 en Plaza Hip\u00f3lito Yrigoyen, Calle 519 y Calle 560, de la localidad de Quequ\u00e9n. El operativo interministerial, del que participar\u00e1n organismos y agencias nacionales y provinciales, funcionar\u00e1 de 10 a 14 horas.<\/p>\n<p style=\"font-weight: 400;\">Habr\u00e1 atenci\u00f3n al p\u00fablico del ReNaPer, de la Agencia Nacional de Discapacidad, Anses, PAMI, AFIP y de los Ministerios nacionales de Desarrollo Social y de Trabajo, Empleo y Seguridad Social; y de la Defensor\u00eda del Pueblo de la Naci\u00f3n y de la Provincia de Buenos Aires.<\/p>\n<p style=\"font-weight: 400;\">El Ministerio de Salud de la Naci\u00f3n realizar\u00e1 vacunaci\u00f3n de Calendario Nacional, sin turno previo, para todas las edades. Tambi\u00e9n habr\u00e1 atenci\u00f3n del INADI y del Registro de Propiedad Inmueble de la Provincia de Buenos Aires.<\/p>\n<p style=\"font-weight: 400;\">La agenda de El Estado en tu barrio, con informaci\u00f3n detallada sobre este y otros operativos, puede consultarse en\u00a0<a href=\"http:\/\/www.argentina.gob.ar\/elestadoentubarrio\/agenda\" data-saferedirecturl=\"https:\/\/www.google.com\/url?q=http:\/\/www.argentina.gob.ar\/elestadoentubarrio\/agenda&amp;source=gmail&amp;ust=1654710226873000&amp;usg=AOvVaw3AbcS-6ud4_wlSLKNOWYOw\">www.argentina.gob.ar\/elestadoentubarrio\/agenda<\/a><\/p>\n<p style=\"font-weight: 400;\">\n","protected":false},"excerpt":{"rendered":"<p>Este mi\u00e9rcoles 8 de junio El Estado en tu barrio estar\u00e1 en Plaza Hip\u00f3lito Yrigoyen, Calle 519 y Calle 560, de la localidad de Quequ\u00e9n. El operativo interministerial, del que participar\u00e1n organismos y agencias nacionales y provinciales, funcionar\u00e1 de 10 a 14 horas. Habr\u00e1 atenci\u00f3n al p\u00fablico del ReNaPer, de la Agencia Nacional de Discapacidad, [&hellip;]<\/p>\n","protected":false},"author":3,"featured_media":90557,"comment_status":"closed","ping_status":"closed","sticky":false,"template":"","format":"standard","meta":{"footnotes":""},"categories":[3],"tags":[],"class_list":["post-90556","post","type-post","status-publish","format-standard","has-post-thumbnail","category-masnoticias"],"_links":{"self":[{"href":"https:\/\/primicias2262.com\/noticias\/wp-json\/wp\/v2\/posts\/90556","targetHints":{"allow":["GET"]}}],"collection":[{"href":"https:\/\/primicias2262.com\/noticias\/wp-json\/wp\/v2\/posts"}],"about":[{"href":"https:\/\/primicias2262.com\/noticias\/wp-json\/wp\/v2\/types\/post"}],"author":[{"embeddable":true,"href":"https:\/\/primicias2262.com\/noticias\/wp-json\/wp\/v2\/users\/3"}],"replies":[{"embeddable":true,"href":"https:\/\/primicias2262.com\/noticias\/wp-json\/wp\/v2\/comments?post=90556"}],"version-history":[{"count":0,"href":"https:\/\/primicias2262.com\/noticias\/wp-json\/wp\/v2\/posts\/90556\/revisions"}],"wp:attachment":[{"href":"https:\/\/primicias2262.com\/noticias\/wp-json\/wp\/v2\/media?parent=90556"}],"wp:term":[{"taxonomy":"category","embeddable":true,"href":"https:\/\/primicias2262.com\/noticias\/wp-json\/wp\/v2\/categories?post=90556"},{"taxonomy":"post_tag","embeddable":true,"href":"https:\/\/primicias2262.com\/noticias\/wp-json\/wp\/v2\/tags?post=90556"}],"curies":[{"name":"wp","href":"https:\/\/api.w.org\/{rel}","templated":true}]}}