{"id":90559,"date":"2022-06-08T12:38:11","date_gmt":"2022-06-08T15:38:11","guid":{"rendered":"https:\/\/primicias2262.com\/?p=90559"},"modified":"2022-06-08T12:38:11","modified_gmt":"2022-06-08T15:38:11","slug":"la-tarifa-de-la-energia-electrica-aumentara-un-14-en-el-interior-de-la-provincia","status":"publish","type":"post","link":"https:\/\/primicias2262.com\/noticias\/la-tarifa-de-la-energia-electrica-aumentara-un-14-en-el-interior-de-la-provincia\/","title":{"rendered":"La tarifa de la energ\u00eda el\u00e9ctrica aumentar\u00e1 un 14% en el interior de la Provincia"},"content":{"rendered":"<p><strong>Esto incluye a las cooperativas el\u00e9ctricas, entre ellas la Usina Popular Cooperativa Sebasti\u00e1n de Mar\u00eda de Necochea. Al incremento del 22% de marzo se aplicar\u00e1 una segunda etapa de ajuste que ser\u00e1 de un 14%. Se conoce que el \u00faltimo aumento es para los consumos a partir del 1\u00ba de junio &#8211; por lo tanto, est\u00e1n en curso- y que comenzar\u00e1 a pagarse con las facturas que lleguen a los hogares en julio <\/strong><\/p>\n<p><strong><a href=\"https:\/\/primicias2262.com\/wp-content\/uploads\/2021\/08\/Gomez.jpg\"><img loading=\"lazy\" decoding=\"async\" class=\"alignleft size-medium wp-image-80409\" src=\"https:\/\/primicias2262.com\/wp-content\/uploads\/2021\/08\/Gomez-269x300.jpg\" alt=\"\" width=\"269\" height=\"300\" \/><\/a>Por Jorge G\u00f3mez<\/strong><\/p>\n<p>El Gobierno de la Provincia de Buenos Aires ajustar\u00e1 la tarifa de la energ\u00eda el\u00e9ctrica un 14 por ciento a partir de julio en sinton\u00eda con las subas que se vienen registrando en los servicios a nivel nacional.<\/p>\n<p>La decisi\u00f3n comprende el interior bonaerense, incluyendo para nuestra zona los distritos de Necochea, Lober\u00eda, y San Cayetano.<\/p>\n<p>De acuerdo a lo confirmado de fuentes oficiales, la Provincia seguir\u00e1 el camino de la Naci\u00f3n y subir\u00e1 un 20% el servicio el\u00e9ctrico, lo que incluye a los usuarios de las cuatro distribuidoras reguladas por la provincia \u2013EDEN, EDES, EDEA y Edelap- y alrededor de 200 cooperativas que se encargan de prestar el servicio en varias ciudades del interior.<\/p>\n<p>En este \u00faltimo segmento se encuentra la Usina Popular Cooperativa Sebasti\u00e1n de Mar\u00eda, encargada de brindar el servicio el\u00e9ctrico a Necochea, Quequ\u00e9n, y \u00e1reas rurales lindantes, por citar el paraje Arenas Verdes, ubicado en el partido de Lober\u00eda.<\/p>\n<p>Si bien existe la posibilidad de que se convoque a audiencias, en la Provincia el mecanismo puede ser diferente al nacional, ya que el Organismo de Control de Energ\u00eda El\u00e9ctrica de la Provincia (OCEBA) elabor\u00f3 el cuadro tarifario que ser\u00e1 aprobado por su directorio, y luego se aplicar\u00e1 a trav\u00e9s de una resoluci\u00f3n de la subsecretaria de Energ\u00eda.<\/p>\n<p>Ahora, al aumento del 22% de marzo, se aplicar\u00e1 una segunda etapa de incremento que ser\u00e1 de un 14%.<\/p>\n<p>Seg\u00fan se pueden cotejar de cr\u00f3nicas provenientes de la ciudad de La Plata, capital de la Provincia de Buenos Aires, este aludido ajuste correr\u00e1 desde los consumos del 1\u00ba de junio -est\u00e1n en curso- y comenzar\u00e1 a pagarse con las facturas que lleguen a los hogares en julio.<br \/>\nTambi\u00e9n alcanzar\u00e1 a la mayor\u00eda de las PYMES de la Provincia. El incremento para los grandes usuarios ya fue aplicado el mes pasado.<\/p>\n<p>Fuentes del gobierno bonaerense explicaron que la tarifa de luz se encuentra \u00edntegramente subsidiada por la Provincia, en un esfuerzo econ\u00f3mico que ya no podr\u00eda afrontar; lo cual, determin\u00f3 la decisi\u00f3n de acompa\u00f1ar los incrementos tarifarios realizados por la Secretar\u00eda de Energ\u00eda de la Naci\u00f3n.<\/p>\n<p>\u00abVenimos acompa\u00f1ando lo que el Gobierno nacional regula a escala federal como en todas las provincias. Lo estuvimos hablando con los Gobernadores, cambia el costo de la energ\u00eda en una proporci\u00f3n que est\u00e1 por debajo de la inflaci\u00f3n, y adem\u00e1s no tenemos esa capacidad de segmentar, porque nos afecta como costo de la energ\u00eda, entonces simplemente ser\u00e1 el impacto que tenga a nivel tarifario\u00bb, expres\u00f3 en concreto el gobernador Axel Kicillof.<\/p>\n<p>D\u00edas atr\u00e1s, el Ente Nacional Regulador de la Electricidad (ENRE) public\u00f3 los nuevos cuadros tarifarios que rigen desde junio y que alcanzaron una suba del 16,5% promedio para los usuarios residenciales del \u00c1rea Metropolitana de Buenos Aires (AMBA), es decir que afect\u00f3 a las distribuidoras de energ\u00eda Edenor y Edesur.<\/p>\n<p>La suba de luz para la regi\u00f3n del AMBA realizada en junio, junto al aumento concretado en el mes de marzo, elev\u00f3 en consecuencia la tarifa a poco m\u00e1s del 40% en lo que va del a\u00f1o.<\/p>\n","protected":false},"excerpt":{"rendered":"<p>Esto incluye a las cooperativas el\u00e9ctricas, entre ellas la Usina Popular Cooperativa Sebasti\u00e1n de Mar\u00eda de Necochea. Al incremento del 22% de marzo se aplicar\u00e1 una segunda etapa de ajuste que ser\u00e1 de un 14%. Se conoce que el \u00faltimo aumento es para los consumos a partir del 1\u00ba de junio &#8211; por lo tanto, [&hellip;]<\/p>\n","protected":false},"author":3,"featured_media":90560,"comment_status":"closed","ping_status":"closed","sticky":false,"template":"","format":"standard","meta":{"footnotes":""},"categories":[3],"tags":[],"class_list":["post-90559","post","type-post","status-publish","format-standard","has-post-thumbnail","category-masnoticias"],"_links":{"self":[{"href":"https:\/\/primicias2262.com\/noticias\/wp-json\/wp\/v2\/posts\/90559","targetHints":{"allow":["GET"]}}],"collection":[{"href":"https:\/\/primicias2262.com\/noticias\/wp-json\/wp\/v2\/posts"}],"about":[{"href":"https:\/\/primicias2262.com\/noticias\/wp-json\/wp\/v2\/types\/post"}],"author":[{"embeddable":true,"href":"https:\/\/primicias2262.com\/noticias\/wp-json\/wp\/v2\/users\/3"}],"replies":[{"embeddable":true,"href":"https:\/\/primicias2262.com\/noticias\/wp-json\/wp\/v2\/comments?post=90559"}],"version-history":[{"count":0,"href":"https:\/\/primicias2262.com\/noticias\/wp-json\/wp\/v2\/posts\/90559\/revisions"}],"wp:attachment":[{"href":"https:\/\/primicias2262.com\/noticias\/wp-json\/wp\/v2\/media?parent=90559"}],"wp:term":[{"taxonomy":"category","embeddable":true,"href":"https:\/\/primicias2262.com\/noticias\/wp-json\/wp\/v2\/categories?post=90559"},{"taxonomy":"post_tag","embeddable":true,"href":"https:\/\/primicias2262.com\/noticias\/wp-json\/wp\/v2\/tags?post=90559"}],"curies":[{"name":"wp","href":"https:\/\/api.w.org\/{rel}","templated":true}]}}