{"id":90563,"date":"2022-06-08T13:07:04","date_gmt":"2022-06-08T16:07:04","guid":{"rendered":"https:\/\/primicias2262.com\/?p=90563"},"modified":"2022-06-08T13:07:04","modified_gmt":"2022-06-08T16:07:04","slug":"cayo-otro-implicado-por-la-venta-de-drogas-en-el-barrio-los-naranjos","status":"publish","type":"post","link":"https:\/\/primicias2262.com\/noticias\/cayo-otro-implicado-por-la-venta-de-drogas-en-el-barrio-los-naranjos\/","title":{"rendered":"Cay\u00f3 otro implicado por la venta de drogas en el barrio Los Naranjos"},"content":{"rendered":"<p>Un hombre fue detenido por la Delegaci\u00f3n Departamental de Investigaciones del Tr\u00e1fico de Drogas Ilicitas Necochea, en el marco de una causa por tenencia de estupefacientes para su comercializaci\u00f3n.<\/p>\n<p>Luego de que el pasado viernes fueran allanados por la mencionada dependencia dos domicilios de calle 67 bis y 86 bis, donde una mujer fue aprehendida tras el secuestro de coca\u00edna y marihuana, el Juzgado de Garant\u00edas n\u00b0 2 de Necochea orden\u00f3 la detenci\u00f3n del hijo de misma.<\/p>\n<p>El sujeto de 24 a\u00f1os de edad, que tiempo atr\u00e1s hab\u00eda recuperado su libertad de la Unidad Penitenciaria de Batan, con antecedentes por el mismo delito, nuevamente se encuentra vinculado a la actividad il\u00edcita.<\/p>\n<p>Tras su detenci\u00f3n fue puesto a disposici\u00f3n de la Justicia donde deber\u00e1 prestar declaraci\u00f3n frente al fiscal de la causa, el Dr. Carlos Larrarte titular de la UFI N\u00b0 30.<\/p>\n","protected":false},"excerpt":{"rendered":"<p>Un hombre fue detenido por la Delegaci\u00f3n Departamental de Investigaciones del Tr\u00e1fico de Drogas Ilicitas Necochea, en el marco de una causa por tenencia de estupefacientes para su comercializaci\u00f3n. Luego de que el pasado viernes fueran allanados por la mencionada dependencia dos domicilios de calle 67 bis y 86 bis, donde una mujer fue aprehendida [&hellip;]<\/p>\n","protected":false},"author":3,"featured_media":90564,"comment_status":"closed","ping_status":"closed","sticky":false,"template":"","format":"standard","meta":{"footnotes":""},"categories":[3],"tags":[],"class_list":["post-90563","post","type-post","status-publish","format-standard","has-post-thumbnail","category-masnoticias"],"_links":{"self":[{"href":"https:\/\/primicias2262.com\/noticias\/wp-json\/wp\/v2\/posts\/90563","targetHints":{"allow":["GET"]}}],"collection":[{"href":"https:\/\/primicias2262.com\/noticias\/wp-json\/wp\/v2\/posts"}],"about":[{"href":"https:\/\/primicias2262.com\/noticias\/wp-json\/wp\/v2\/types\/post"}],"author":[{"embeddable":true,"href":"https:\/\/primicias2262.com\/noticias\/wp-json\/wp\/v2\/users\/3"}],"replies":[{"embeddable":true,"href":"https:\/\/primicias2262.com\/noticias\/wp-json\/wp\/v2\/comments?post=90563"}],"version-history":[{"count":0,"href":"https:\/\/primicias2262.com\/noticias\/wp-json\/wp\/v2\/posts\/90563\/revisions"}],"wp:attachment":[{"href":"https:\/\/primicias2262.com\/noticias\/wp-json\/wp\/v2\/media?parent=90563"}],"wp:term":[{"taxonomy":"category","embeddable":true,"href":"https:\/\/primicias2262.com\/noticias\/wp-json\/wp\/v2\/categories?post=90563"},{"taxonomy":"post_tag","embeddable":true,"href":"https:\/\/primicias2262.com\/noticias\/wp-json\/wp\/v2\/tags?post=90563"}],"curies":[{"name":"wp","href":"https:\/\/api.w.org\/{rel}","templated":true}]}}