{"id":90578,"date":"2022-06-08T13:47:46","date_gmt":"2022-06-08T16:47:46","guid":{"rendered":"https:\/\/primicias2262.com\/?p=90578"},"modified":"2022-06-08T13:47:46","modified_gmt":"2022-06-08T16:47:46","slug":"organizan-capacitacion-de-masoterapia-para-abordar-la-problematica-del-bruxismo","status":"publish","type":"post","link":"https:\/\/primicias2262.com\/noticias\/organizan-capacitacion-de-masoterapia-para-abordar-la-problematica-del-bruxismo\/","title":{"rendered":"Organizan capacitaci\u00f3n de masoterapia para abordar la problem\u00e1tica del bruxismo"},"content":{"rendered":"<p>La jornada se realizar\u00e1 el pr\u00f3ximo s\u00e1bado 18 de junio, entre las 10 y las 17:30, en el complejo quequenense Lomas del Golf, organizado por Viviana Su\u00e1rez, directora de Ardaas Escuela Internacional de Yoga. Estar\u00e1 guiada por dos especialistas.<\/p>\n<p>Con el objetivo de promocionar una capacitaci\u00f3n que ser\u00e1 dictada por profesionales de las ciudades de Mar del Plata y Buenos Aires, la directora de Ardaas Escuela Internacional de Yoga, Viviana Su\u00e1rez, se acerc\u00f3 a los estudios de Voces de la Ciudad para brindar detalles del evento ATM (Bruxismo).<\/p>\n<p>Dirigido a masoterapeutas, profesores de yoga y pilates, aunque abierto a toda persona interesada en profundizar en el conocimiento de su cuerpo y el de sus pacientes, \u201cen esta ocasi\u00f3n, quienes van a venir son el director y formador de AMaProba (Asociaci\u00f3n de Masajistas de la Provincia de Buenos Aires), Walter Vega; y el doctor Claudio Sapoznik, docente universitario y profesional de la salud\u201d, explic\u00f3 la maestra en la ma\u00f1ana de la FM Vinilo 103.5 MHz.<\/p>\n<p>Sobre los disertantes, la tambi\u00e9n masajista local asegur\u00f3 que son especialistas en la tem\u00e1tica, adem\u00e1s de \u201cprofesionales serios\u201d, adelantando que el curso contar\u00e1 de una parte te\u00f3rica y otra pr\u00e1ctica, y que otorgar\u00e1 certificados avalados por la entidad bonaerense a sus participantes.<\/p>\n<p>\u201cAmbos estar\u00e1n abordando un tema muy candente en estos tiempos, como es el bruxismo, su anatom\u00eda y un abordaje guiado desde el punto de vista m\u00e9dico y de las terapias manuales\u201d, detall\u00f3 Su\u00e1rez, agregando que \u201ctambi\u00e9n nos hablar\u00e1n sobre columna cervical, dorsal, lumbosacra y pelvis, desde esa misma perspectiva\u201d.<\/p>\n<p>Los interesados pueden conseguir mayor informaci\u00f3n enviando su consulta al WhatsApp (549) 2262 351886, y aprovechar un descuento del 20% en la inscripci\u00f3n hasta el 10 de junio, con el que solo abonar\u00e1n la suma de 4.800 pesos, fecha despu\u00e9s de la cual el abono se elevar\u00e1 a los 6 mil.<\/p>\n<p>Al hacer referencia a su labor en nuestro medio, la maestra record\u00f3 que estuvo haciendo servicio en el Hospital Irurzun durante unos tres a\u00f1os, \u201cen un espacio que llamaba Azul Turquesa\u201d y cont\u00f3 que \u201cahora estoy haciendo tratativas para volver porque funcion\u00f3 muy bien\u201d.<\/p>\n<p>Sus clases no se basan solo en el estiramiento corporal, se encarg\u00f3 de aclarar. \u201cHacemos actividad de fuerza, de resistencia, de trabajo con la meditaci\u00f3n, con bajar el nivel de stress, es mucho m\u00e1s que elongar\u201d, detall\u00f3, invitando a todo aquel que quiera participar a acercarse a su espacio de calle 66 N\u00b0 2761, entre 57 y 55, donde \u201ctodo est\u00e1 muy bien preparado y armonizado\u201d para recibir a \u201cgrupos peque\u00f1os de hasta 4 o 5 personas\u201d.<\/p>\n","protected":false},"excerpt":{"rendered":"<p>La jornada se realizar\u00e1 el pr\u00f3ximo s\u00e1bado 18 de junio, entre las 10 y las 17:30, en el complejo quequenense Lomas del Golf, organizado por Viviana Su\u00e1rez, directora de Ardaas Escuela Internacional de Yoga. Estar\u00e1 guiada por dos especialistas. Con el objetivo de promocionar una capacitaci\u00f3n que ser\u00e1 dictada por profesionales de las ciudades de [&hellip;]<\/p>\n","protected":false},"author":3,"featured_media":90579,"comment_status":"closed","ping_status":"closed","sticky":false,"template":"","format":"standard","meta":{"footnotes":""},"categories":[3],"tags":[],"class_list":["post-90578","post","type-post","status-publish","format-standard","has-post-thumbnail","category-masnoticias"],"_links":{"self":[{"href":"https:\/\/primicias2262.com\/noticias\/wp-json\/wp\/v2\/posts\/90578","targetHints":{"allow":["GET"]}}],"collection":[{"href":"https:\/\/primicias2262.com\/noticias\/wp-json\/wp\/v2\/posts"}],"about":[{"href":"https:\/\/primicias2262.com\/noticias\/wp-json\/wp\/v2\/types\/post"}],"author":[{"embeddable":true,"href":"https:\/\/primicias2262.com\/noticias\/wp-json\/wp\/v2\/users\/3"}],"replies":[{"embeddable":true,"href":"https:\/\/primicias2262.com\/noticias\/wp-json\/wp\/v2\/comments?post=90578"}],"version-history":[{"count":0,"href":"https:\/\/primicias2262.com\/noticias\/wp-json\/wp\/v2\/posts\/90578\/revisions"}],"wp:attachment":[{"href":"https:\/\/primicias2262.com\/noticias\/wp-json\/wp\/v2\/media?parent=90578"}],"wp:term":[{"taxonomy":"category","embeddable":true,"href":"https:\/\/primicias2262.com\/noticias\/wp-json\/wp\/v2\/categories?post=90578"},{"taxonomy":"post_tag","embeddable":true,"href":"https:\/\/primicias2262.com\/noticias\/wp-json\/wp\/v2\/tags?post=90578"}],"curies":[{"name":"wp","href":"https:\/\/api.w.org\/{rel}","templated":true}]}}