{"id":90581,"date":"2022-06-08T14:06:12","date_gmt":"2022-06-08T17:06:12","guid":{"rendered":"https:\/\/primicias2262.com\/?p=90581"},"modified":"2022-06-08T14:06:12","modified_gmt":"2022-06-08T17:06:12","slug":"se-iniciaron-las-competencias-deportivas-y-culturales-de-los-juegos-bonaerenses-2022","status":"publish","type":"post","link":"https:\/\/primicias2262.com\/noticias\/se-iniciaron-las-competencias-deportivas-y-culturales-de-los-juegos-bonaerenses-2022\/","title":{"rendered":"Se iniciaron las competencias deportivas y culturales de los Juegos Bonaerenses 2022"},"content":{"rendered":"<p><strong>En el Teatro Municipal hubo danzas folcl\u00f3ricas de la categor\u00eda Adultos Mayores y se presentaron dos solistas juveniles. En el Polideportivo, ayer se dio inicio a los encuentros de hockey y este mi\u00e9rcoles en la Escuela Modelo hubo partidos de v\u00f3ley. \u00a0\u00a0<\/strong><\/p>\n<p>Esta semana comenz\u00f3 a disputarse la Etapa Municipal de los Juegos Bonaerenses 2022, un evento tradicionalmente organizado por el Gobierno provincial que tiene como objetivo principal incluir e integrar a los j\u00f3venes, los adultos mayores y las personas con discapacidad en la pr\u00e1ctica del deporte y la cultura a trav\u00e9s de la competencia sana.<\/p>\n<p>En esta primera parte del desaf\u00edo, que es organizada por cada una de las 137 comunas del territorio, en Necochea se desarrollaron distintas actividades a modo de inauguraci\u00f3n de las jornadas que se prolongar\u00e1n a lo largo de las semanas venideras, y que tuvieron epicentro en el Teatro Municipal \u201cLuis Sandrini\u201d y en el Polideportivo \u201cEdgardo Hugo Yelpo\u201d.<\/p>\n<div class=\"wp-block-media-text is-stacked-on-mobile is-vertically-aligned-top\">\n<div class=\"wp-block-media-text__content\">\n<p>\u201cHoy arrancamos con esta primera instancia, m\u00e1s peque\u00f1a, y tenemos la semana que viene otra\u201d, detall\u00f3 el director de Cultura, Juan Gamba, al finalizar las audiciones de los participantes. \u201cEstamos contentos porque ya tenemos ganadores para poder representar a Necochea en lo que ser\u00eda el provincial\u201d, se\u00f1al\u00f3 tambi\u00e9n.<\/p>\n<p>Por su parte, Bel\u00e9n Coupau, quien ocupa un rol central en la organizaci\u00f3n de estas competencias que dependen del \u00e1rea del municipio, sintetiz\u00f3: \u201cEn esta primera etapa, lo que hicimos fue que todos los representantes de cultura, en todas las categor\u00edas -juveniles, adultos mayores y discapacidad-, tengan su presentaci\u00f3n como corresponde. En el caso de los que tienen competencia, con un jurado id\u00f3neo de cada disciplina, con la idea de que se lleven una devoluci\u00f3n de docentes para que puedan crecer como artistas, m\u00e1s all\u00e1 del resultado\u201d.<\/p>\n<\/div>\n<\/div>\n<p>En resumen, \u201choy tuvimos Folclore de adultos mayores y Solistas juveniles, adem\u00e1s de Circo, que se hace en otro espacio. Todos tuvieron un muy buen desempe\u00f1o en esta parte, que es la m\u00e1s complicada de la competencia\u201d, explic\u00f3, agregando sobre la continuidad del certamen que \u201clos ganadores, a partir de septiembre, creemos que el 9, van a estar compitiendo en la etapa regional\u201d.<\/p>\n<p>Al t\u00e9rmino de su exposici\u00f3n, muy bien recibida por el jurado, Pablo y Nidia, la pareja de adultos mayores que se defini\u00f3 representar\u00e1 al distrito en las danzas folcl\u00f3ricas calificaron como \u201chermosa\u201d esta experiencia: \u201cEs hacer lo que nos gusta y, a trav\u00e9s del baile, expresar lo que sentimos\u201d.<\/p>\n<p>Tambi\u00e9n Valentina e Iv\u00e1n, quienes compartieron la audici\u00f3n como solistas vocales, dejaron sus sensaciones. \u201cLa pas\u00e9 bien, pero siempre est\u00e1s un poco nervioso cuando vas a subir al escenario\u201d, expres\u00f3 la primera, concluyendo en que \u201clo quiero hacer porque, aparte de que me gusta, es algo de lo que voy a aprender mucho. Obvio que quiero clasificar, pero si no quedo es porque lo intent\u00e9\u201d; dando paso a las palabras de su compa\u00f1ero, quien habl\u00f3 del apoyo que recibe por parte de la familia y amigos: \u201cSiempre me han estado alentado en todo, siempre incit\u00e1ndome a participar para poder ir, seg\u00fan ellos, a mostrar mi voz\u201d, asegur\u00f3.<\/p>\n<p><strong>Las competencias deportivas iniciaron con hockey y v\u00f3ley<\/strong><\/p>\n<p>En lo respecta a la parte deportiva de los Juegos Bonaerenses, esta semana la Etapa Municipal se inaugur\u00f3 con competencias de hockey sobre c\u00e9sped, el martes en el sint\u00e9tico del Polideportivo Municipal; y de v\u00f3ley este mi\u00e9rcoles en el gimnasio de la Escuela Modelo Argentina, con el contralor de la Direcci\u00f3n de Deportes, a cargo de Guadalupe Hern\u00e1ndez.<\/p>\n","protected":false},"excerpt":{"rendered":"<p>En el Teatro Municipal hubo danzas folcl\u00f3ricas de la categor\u00eda Adultos Mayores y se presentaron dos solistas juveniles. En el Polideportivo, ayer se dio inicio a los encuentros de hockey y este mi\u00e9rcoles en la Escuela Modelo hubo partidos de v\u00f3ley. \u00a0\u00a0 Esta semana comenz\u00f3 a disputarse la Etapa Municipal de los Juegos Bonaerenses 2022, [&hellip;]<\/p>\n","protected":false},"author":3,"featured_media":90582,"comment_status":"closed","ping_status":"closed","sticky":false,"template":"","format":"standard","meta":{"footnotes":""},"categories":[3,5],"tags":[],"class_list":{"0":"post-90581","1":"post","2":"type-post","3":"status-publish","4":"format-standard","5":"has-post-thumbnail","7":"category-masnoticias","8":"category-neco"},"_links":{"self":[{"href":"https:\/\/primicias2262.com\/noticias\/wp-json\/wp\/v2\/posts\/90581","targetHints":{"allow":["GET"]}}],"collection":[{"href":"https:\/\/primicias2262.com\/noticias\/wp-json\/wp\/v2\/posts"}],"about":[{"href":"https:\/\/primicias2262.com\/noticias\/wp-json\/wp\/v2\/types\/post"}],"author":[{"embeddable":true,"href":"https:\/\/primicias2262.com\/noticias\/wp-json\/wp\/v2\/users\/3"}],"replies":[{"embeddable":true,"href":"https:\/\/primicias2262.com\/noticias\/wp-json\/wp\/v2\/comments?post=90581"}],"version-history":[{"count":0,"href":"https:\/\/primicias2262.com\/noticias\/wp-json\/wp\/v2\/posts\/90581\/revisions"}],"wp:featuredmedia":[{"embeddable":true,"href":"https:\/\/primicias2262.com\/noticias\/wp-json\/"}],"wp:attachment":[{"href":"https:\/\/primicias2262.com\/noticias\/wp-json\/wp\/v2\/media?parent=90581"}],"wp:term":[{"taxonomy":"category","embeddable":true,"href":"https:\/\/primicias2262.com\/noticias\/wp-json\/wp\/v2\/categories?post=90581"},{"taxonomy":"post_tag","embeddable":true,"href":"https:\/\/primicias2262.com\/noticias\/wp-json\/wp\/v2\/tags?post=90581"}],"curies":[{"name":"wp","href":"https:\/\/api.w.org\/{rel}","templated":true}]}}