{"id":90605,"date":"2022-06-09T14:50:56","date_gmt":"2022-06-09T17:50:56","guid":{"rendered":"https:\/\/primicias2262.com\/?p=90605"},"modified":"2022-06-09T14:50:56","modified_gmt":"2022-06-09T17:50:56","slug":"la-ecoferia-se-realiza-este-viernes-en-el-centro-cultural","status":"publish","type":"post","link":"https:\/\/primicias2262.com\/noticias\/la-ecoferia-se-realiza-este-viernes-en-el-centro-cultural\/","title":{"rendered":"La Ecoferia se realiza este viernes en el Centro Cultural"},"content":{"rendered":"<p>Con m\u00e1s de siete a\u00f1os en la ciudad, la Ecoferia pone al alcance del p\u00fablico productos locales de calidad, amigables con el medio ambiente. Funciona los dos primeros viernes de cada mes en el Centro Cultural Necochea Biblioteca Popular Andr\u00e9s Ferreyra (CCN\/BPAF).<\/p>\n<p>Gastronom\u00eda, cosm\u00e9tica e higiene natural, dise\u00f1o, arte y utilitarios. Un abanico muy amplio de productos \u00fanicos realizados con mucha vocaci\u00f3n.<\/p>\n<p>El sello distintivo de la producci\u00f3n original y artesanal, hacen a la feria un recorrido diferente con propuestas para todos los gustos: un encuentro entre productor y consumidor que posibilita el enriquecimiento mutuo.<\/p>\n<p>Los interesados en conocer y\/o adquirir estos productos, pueden acercarse este viernes de 10:00 a 14:00 horas. en la vereda del CCN\/BPAF, calle 54 entre 61 y 63. .<\/p>\n","protected":false},"excerpt":{"rendered":"<p>Con m\u00e1s de siete a\u00f1os en la ciudad, la Ecoferia pone al alcance del p\u00fablico productos locales de calidad, amigables con el medio ambiente. Funciona los dos primeros viernes de cada mes en el Centro Cultural Necochea Biblioteca Popular Andr\u00e9s Ferreyra (CCN\/BPAF). Gastronom\u00eda, cosm\u00e9tica e higiene natural, dise\u00f1o, arte y utilitarios. Un abanico muy amplio [&hellip;]<\/p>\n","protected":false},"author":3,"featured_media":90607,"comment_status":"closed","ping_status":"closed","sticky":false,"template":"","format":"standard","meta":{"footnotes":""},"categories":[3],"tags":[],"class_list":["post-90605","post","type-post","status-publish","format-standard","has-post-thumbnail","category-masnoticias"],"_links":{"self":[{"href":"https:\/\/primicias2262.com\/noticias\/wp-json\/wp\/v2\/posts\/90605","targetHints":{"allow":["GET"]}}],"collection":[{"href":"https:\/\/primicias2262.com\/noticias\/wp-json\/wp\/v2\/posts"}],"about":[{"href":"https:\/\/primicias2262.com\/noticias\/wp-json\/wp\/v2\/types\/post"}],"author":[{"embeddable":true,"href":"https:\/\/primicias2262.com\/noticias\/wp-json\/wp\/v2\/users\/3"}],"replies":[{"embeddable":true,"href":"https:\/\/primicias2262.com\/noticias\/wp-json\/wp\/v2\/comments?post=90605"}],"version-history":[{"count":0,"href":"https:\/\/primicias2262.com\/noticias\/wp-json\/wp\/v2\/posts\/90605\/revisions"}],"wp:attachment":[{"href":"https:\/\/primicias2262.com\/noticias\/wp-json\/wp\/v2\/media?parent=90605"}],"wp:term":[{"taxonomy":"category","embeddable":true,"href":"https:\/\/primicias2262.com\/noticias\/wp-json\/wp\/v2\/categories?post=90605"},{"taxonomy":"post_tag","embeddable":true,"href":"https:\/\/primicias2262.com\/noticias\/wp-json\/wp\/v2\/tags?post=90605"}],"curies":[{"name":"wp","href":"https:\/\/api.w.org\/{rel}","templated":true}]}}