{"id":90612,"date":"2022-06-09T16:27:17","date_gmt":"2022-06-09T19:27:17","guid":{"rendered":"https:\/\/primicias2262.com\/?p=90612"},"modified":"2022-06-09T16:27:17","modified_gmt":"2022-06-09T19:27:17","slug":"se-iniciaron-mas-de-7-mil-causas-a-quienes-no-cumplieron-el-aislamiento-en-la-pandemia","status":"publish","type":"post","link":"https:\/\/primicias2262.com\/noticias\/se-iniciaron-mas-de-7-mil-causas-a-quienes-no-cumplieron-el-aislamiento-en-la-pandemia\/","title":{"rendered":"Se iniciaron m\u00e1s de 7 mil causas a quienes no cumplieron el aislamiento en la pandemia"},"content":{"rendered":"<p><strong>\u201cNo en todos los casos progresaron\u201d, explic\u00f3 el juez federal Daniel Bibel, aunque mencion\u00f3 que todav\u00eda se trabaja en las m\u00e1s graves. Con la mayor\u00eda de los expedientes ya resueltos, se recolectaron casi 3 millones de pesos en concepto de reparaci\u00f3n del da\u00f1o, que fueron destinados al sistema p\u00fablico de salud.<\/strong><\/p>\n<p>En una entrevista exclusiva con el programa radial Voces de la Ciudad, el doctor Bernardo Daniel Bibel, juez federal de Necochea, explic\u00f3 la situaci\u00f3n de aquellas personas que transgredieron alguna de las normas impuestas por la legislaci\u00f3n nacional en las etapas de aislamiento o distanciamiento social, seg\u00fan el caso, con raz\u00f3n de la pandemia de Covid-19 que afect\u00f3 a todo el mundo y que llev\u00f3 a decretar una regulaci\u00f3n especial desde el 20 de marzo de 2019 en nuestro pa\u00eds.<\/p>\n<p>Tras hacer hincapi\u00e9 en esta diferenciaci\u00f3n, \u201cporque a veces nos vamos olvidando de las cosas que vivimos\u201d, el titular del Juzgado Federal de Necochea resumi\u00f3 que, \u201ca medida que fueron evolucionando estas etapas hubo medidas m\u00e1s restrictivas o menos restrictivas, incluso hubo per\u00edodos en que solo hab\u00eda actividades esenciales y otros en los que se habilita una u otra\u201d y \u201ctoda esa flexibilidad fue tambi\u00e9n cambiando en la exigencia que se hizo a las personas\u201d.<\/p>\n<p>En esos momentos, \u201cla normativa aplicable era municipal, provincial, nacional y, en lo que ten\u00eda que ver con la justicia, federal, por la importancia que tiene la propagaci\u00f3n de una enfermedad\u201d, detall\u00f3 el magistrado, para avanzar luego sobre los \u00edndices de incumplimiento que tuvieron los distritos en los que tiene competencia el Juzgado a su cargo, es decir: Necochea, Lober\u00eda, San Cayetano, Tres Arroyos y Gonz\u00e1lez Chaves.<\/p>\n<p>\u201cLamentablemente, hubo muchas infracciones. Tenemos m\u00e1s de 7 mil causas iniciadas\u201d, aunque \u201cno en todos los casos progresaron, no todas eran tan graves y no todas tan menores\u201d, declar\u00f3. Sin entrar en la pormenorizaci\u00f3n de cada expediente en particular, pero ejemplificando la diferencia entre unos y otros, \u201ca partir del \u2018Caso 0\u2019, aqu\u00ed ocurri\u00f3 una situaci\u00f3n de propagaci\u00f3n bastante importante que se ha atribuido a determinadas personas, hasta en alg\u00fan caso la sospecha de fallecimiento de una persona mayor en un geri\u00e1trico por un caso similar\u201d.<\/p>\n<p>Meti\u00e9ndose de lleno en la situaci\u00f3n de estas causas, \u201cavanzamos y concluimos la mayor\u00eda de los expedientes, todos fueron resueltos o lo est\u00e1n siendo\u201d, dijo, y destac\u00f3, para que esto ocurra, la \u201castucia\u201d del Fiscal Federal que \u201chizo uso de un recurso de la ley, el cual es terminar o culminar con esos procesos disponiendo de un principio que se llama \u2018de oportunidad\u2019, requiriendo que a las personas a las que se les atribu\u00eda ese delito repararan el da\u00f1o en la medida de lo posible\u201d.<\/p>\n<p>Como en este caso \u201cel bien jur\u00eddico protegido es la salud p\u00fablica, no se llam\u00f3 a multa sino a reparaci\u00f3n del da\u00f1o. As\u00ed, en su momento, pudimos alcanzar una suma que se destin\u00f3, en todos los casos, a hospitales p\u00fablicos\u201d, argument\u00f3, para detallar que \u201cen Necochea alcanzamos casi la suma de 3 millones de pesos\u201d, que fueron destinados \u201ca paliar directamente todo lo que ten\u00eda que ver con el estado grave de salud\u201d y que no fue entregado al municipio, sino a la Asociaci\u00f3n Cooperadora del Hospital \u201cDr. Emilio Ferreyra\u201d.<\/p>\n<p>Aunque la mayor\u00eda de los expedientes se cerraron de esta manera, \u201cl\u00f3gicamente, hay situaciones en las que hay personas que todav\u00eda est\u00e1n vinculadas a un proceso. Hay casos graves, importantes, en los que estamos pr\u00e1cticamente todas las semanas tomando declaraciones testimoniales\u201d, incluso \u201cha habido interrogatorias\u201d, destac\u00f3 el titular del fuero federal.<\/p>\n<p>Para cerrar la entrevista ofrecida al periodista Jorge G\u00f3mez, Bibel determin\u00f3: \u201cComo en todo el pa\u00eds ha ocurrido, hab\u00eda personas a las que no les importaba el otro, no les importaba cumplir, entonces pon\u00edan en riesgo la salud de cualquier persona\u201d.<\/p>\n","protected":false},"excerpt":{"rendered":"<p>\u201cNo en todos los casos progresaron\u201d, explic\u00f3 el juez federal Daniel Bibel, aunque mencion\u00f3 que todav\u00eda se trabaja en las m\u00e1s graves. Con la mayor\u00eda de los expedientes ya resueltos, se recolectaron casi 3 millones de pesos en concepto de reparaci\u00f3n del da\u00f1o, que fueron destinados al sistema p\u00fablico de salud. En una entrevista exclusiva [&hellip;]<\/p>\n","protected":false},"author":3,"featured_media":89868,"comment_status":"closed","ping_status":"closed","sticky":false,"template":"","format":"standard","meta":{"footnotes":""},"categories":[3],"tags":[],"class_list":["post-90612","post","type-post","status-publish","format-standard","has-post-thumbnail","category-masnoticias"],"_links":{"self":[{"href":"https:\/\/primicias2262.com\/noticias\/wp-json\/wp\/v2\/posts\/90612","targetHints":{"allow":["GET"]}}],"collection":[{"href":"https:\/\/primicias2262.com\/noticias\/wp-json\/wp\/v2\/posts"}],"about":[{"href":"https:\/\/primicias2262.com\/noticias\/wp-json\/wp\/v2\/types\/post"}],"author":[{"embeddable":true,"href":"https:\/\/primicias2262.com\/noticias\/wp-json\/wp\/v2\/users\/3"}],"replies":[{"embeddable":true,"href":"https:\/\/primicias2262.com\/noticias\/wp-json\/wp\/v2\/comments?post=90612"}],"version-history":[{"count":0,"href":"https:\/\/primicias2262.com\/noticias\/wp-json\/wp\/v2\/posts\/90612\/revisions"}],"wp:attachment":[{"href":"https:\/\/primicias2262.com\/noticias\/wp-json\/wp\/v2\/media?parent=90612"}],"wp:term":[{"taxonomy":"category","embeddable":true,"href":"https:\/\/primicias2262.com\/noticias\/wp-json\/wp\/v2\/categories?post=90612"},{"taxonomy":"post_tag","embeddable":true,"href":"https:\/\/primicias2262.com\/noticias\/wp-json\/wp\/v2\/tags?post=90612"}],"curies":[{"name":"wp","href":"https:\/\/api.w.org\/{rel}","templated":true}]}}