{"id":90620,"date":"2022-06-10T10:13:49","date_gmt":"2022-06-10T13:13:49","guid":{"rendered":"https:\/\/primicias2262.com\/?p=90620"},"modified":"2022-06-10T10:13:49","modified_gmt":"2022-06-10T13:13:49","slug":"este-viernes-a-las-21-se-presentara-una-comedia-a-beneficio-del-hospital-irurzun","status":"publish","type":"post","link":"https:\/\/primicias2262.com\/noticias\/este-viernes-a-las-21-se-presentara-una-comedia-a-beneficio-del-hospital-irurzun\/","title":{"rendered":"Este viernes a las 21 se presentar\u00e1 una comedia a beneficio del Hospital Irurzun"},"content":{"rendered":"<p><strong>\u00abPrimavera del 45\u00bb, escrita por Gabriel Nieto Su\u00e1rez, se presentar\u00e1 esta noche en el Teatro Municipal \u201cLuis Sandrini\u201d, y la entrada general tendr\u00e1 un valor de 500 pesos.<\/strong><\/p>\n<p>A beneficio del Hospital Irurzun, este viernes a partir de las 21 se presentar\u00e1 la comedia \u2018Primavera del 45\u2019 con una funci\u00f3n en la sala \u201cMilagros de la Vega\u201d del Teatro municipal \u201cLuis Sandrini\u201d, en calle 54 N\u00ba 3080, con un valor de 500 pesos la entrada general.<\/p>\n<p>Esta funci\u00f3n se enmarca en el ciclo a beneficio que ya tuvo su primera presentaci\u00f3n en mayo para la ONG \u2018Todo para ellos\u2019, y en esta oportunidad se destinar\u00e1 la recaudaci\u00f3n de entradas a la compra de materiales para mejoras en la estructura del hospital de Quequ\u00e9n, en articulaci\u00f3n con su directora Dra. Flavia Ag\u00fcero.<\/p>\n<p><a href=\"https:\/\/primicias2262.com\/wp-content\/uploads\/2022\/06\/PLACA-Obra-a-beneficio.jpg\"><img loading=\"lazy\" decoding=\"async\" class=\"aligncenter size-full wp-image-90621\" src=\"https:\/\/primicias2262.com\/wp-content\/uploads\/2022\/06\/PLACA-Obra-a-beneficio.jpg\" alt=\"\" width=\"526\" height=\"526\" \/><\/a><\/p>\n<p>En cuanto a la comedia, \u2018Primavera del 45\u2019 aborda un hecho hist\u00f3rico argentino desde la intimidad en un departamento de Barracas, donde ama y sirviente se debaten entre ser o no parte de la realidad que acontece.<\/p>\n<p>-Act\u00faan: Anal\u00eda Apecena y Fernando Repetto<\/p>\n<p>-Texto de Gabriel Nieto Su\u00e1rez<\/p>\n<p>-Direcci\u00f3n de Gustavo Wilson<\/p>\n<p>-M\u00fasica en guitarra por Osvaldo Wilson<\/p>\n<p>-Asistencia de Susana Velazco<\/p>\n<p>-Vestuario por Rosana \u00abChula\u00bb De Castro<\/p>\n<p>\u201cSi no la viste te esperamos y si ya la viste es una buena oportunidad para reencontrarnos y colaborar con una buena causa\u201d, se\u00f1alaron desde la compa\u00f1\u00eda, e informaron que a\u00fan se pueden solicitar entradas al 2262-357613.<\/p>\n","protected":false},"excerpt":{"rendered":"<p>\u00abPrimavera del 45\u00bb, escrita por Gabriel Nieto Su\u00e1rez, se presentar\u00e1 esta noche en el Teatro Municipal \u201cLuis Sandrini\u201d, y la entrada general tendr\u00e1 un valor de 500 pesos. A beneficio del Hospital Irurzun, este viernes a partir de las 21 se presentar\u00e1 la comedia \u2018Primavera del 45\u2019 con una funci\u00f3n en la sala \u201cMilagros de [&hellip;]<\/p>\n","protected":false},"author":3,"featured_media":79109,"comment_status":"closed","ping_status":"closed","sticky":false,"template":"","format":"standard","meta":{"footnotes":""},"categories":[3],"tags":[],"class_list":["post-90620","post","type-post","status-publish","format-standard","has-post-thumbnail","category-masnoticias"],"_links":{"self":[{"href":"https:\/\/primicias2262.com\/noticias\/wp-json\/wp\/v2\/posts\/90620","targetHints":{"allow":["GET"]}}],"collection":[{"href":"https:\/\/primicias2262.com\/noticias\/wp-json\/wp\/v2\/posts"}],"about":[{"href":"https:\/\/primicias2262.com\/noticias\/wp-json\/wp\/v2\/types\/post"}],"author":[{"embeddable":true,"href":"https:\/\/primicias2262.com\/noticias\/wp-json\/wp\/v2\/users\/3"}],"replies":[{"embeddable":true,"href":"https:\/\/primicias2262.com\/noticias\/wp-json\/wp\/v2\/comments?post=90620"}],"version-history":[{"count":0,"href":"https:\/\/primicias2262.com\/noticias\/wp-json\/wp\/v2\/posts\/90620\/revisions"}],"wp:attachment":[{"href":"https:\/\/primicias2262.com\/noticias\/wp-json\/wp\/v2\/media?parent=90620"}],"wp:term":[{"taxonomy":"category","embeddable":true,"href":"https:\/\/primicias2262.com\/noticias\/wp-json\/wp\/v2\/categories?post=90620"},{"taxonomy":"post_tag","embeddable":true,"href":"https:\/\/primicias2262.com\/noticias\/wp-json\/wp\/v2\/tags?post=90620"}],"curies":[{"name":"wp","href":"https:\/\/api.w.org\/{rel}","templated":true}]}}