{"id":90640,"date":"2022-06-10T19:37:43","date_gmt":"2022-06-10T22:37:43","guid":{"rendered":"https:\/\/primicias2262.com\/?p=90640"},"modified":"2022-06-10T19:37:43","modified_gmt":"2022-06-10T22:37:43","slug":"intentaron-robar-otras-dos-escuelas-primarias-de-necochea","status":"publish","type":"post","link":"https:\/\/primicias2262.com\/noticias\/intentaron-robar-otras-dos-escuelas-primarias-de-necochea\/","title":{"rendered":"Intentaron robar otras dos escuelas primarias de Necochea"},"content":{"rendered":"<p>Los hechos vand\u00e1licos se produjeron durante la madrugada de este viernes en las primarias N\u00b0 48 y N\u00b0 19, seg\u00fan inform\u00f3 a consejera escolar Elizabeth Ortega, quien pidi\u00f3 conformar una mesa con los organismos correspondientes para atacar esta modalidad delictiva que se ha incrementado en los \u00faltimos d\u00edas de manera preocupante.<\/p>\n<p><a href=\"https:\/\/primicias2262.com\/wp-content\/uploads\/2022\/06\/WhatsApp-Image-2022-06-10-at-7.42.48-PM.jpeg\"><img loading=\"lazy\" decoding=\"async\" class=\"size-large wp-image-90643 alignright\" src=\"https:\/\/primicias2262.com\/wp-content\/uploads\/2022\/06\/WhatsApp-Image-2022-06-10-at-7.42.48-PM-473x1024.jpeg\" alt=\"\" width=\"473\" height=\"1024\" \/><\/a>Apenas comenzada la jornada de este viernes, autoridades de las escuelas primarias N\u00b0 48, ubicada en calle 61 y 104, y de la N\u00b0 19, que funciona en el coraz\u00f3n del Barrio 9 de Julio, dieron cuenta a las autoridades del Consejo Escolar sobre sendos intentos de robo en los establecimientos que, aunque terminaron frustrados, dejaron da\u00f1os en aberturas y rejas.<\/p>\n<p>Intranquila por este tipo de accionar delictivo reiterado en los \u00faltimos d\u00edas, Elizabeth Ortega, integrante del \u00f3rgano colegiado representando a la fuerza Nueva Necochea explic\u00f3 en el programa Voces de la Ciudad,\u00a0que fueron notificadas de estos hechos cerca de las 7:30 y que, de inmediato, se envi\u00f3 al herrero y a los electricistas para hacer las reparaciones urgentes y \u201cgarantizar que este fin de semana todo est\u00e9 nuevamente en condiciones y cerrado, con la seguridad que se puede brindar desde el Consejo\u201d.<\/p>\n<p>A sabiendas de que estas medidas son m\u00ednimas, o paliativas, y no atacan la problem\u00e1tica en su ra\u00edz, la tesorera de la instituci\u00f3n que gestiona la mejora de los establecimientos en el distrito asever\u00f3: \u201cCon todas las acciones que nosotros llevemos a cabo en materia de seguridad no podemos garantizar mucho, porque este es un trabajo que debemos hacer articuladamente con el municipio y las fuerzas de seguridad\u201d.<\/p>\n<p>\u201cR\u00e1pidamente nos vamos a tener que sentar en una mesa de di\u00e1logo y consenso para ver que tipo de acciones vamos a tomar los distintos organismos para ver c\u00f3mo abordamos este tema\u201d, se\u00f1al\u00f3.<\/p>\n<p>Al enfocarse en la reiteraci\u00f3n de este tipo de situaci\u00f3n, Ortega reflexion\u00f3: \u201cParece ser como que es una modalidad esto de atacar las instituciones educativas, no nos dan descanso y vamos pasamos por varios estados emocionales, porque no terminamos nunca con estas situaciones\u201d.<\/p>\n<p><a href=\"https:\/\/primicias2262.com\/wp-content\/uploads\/2022\/06\/WhatsApp-Image-2022-06-10-at-7.42.48-PM-1.jpeg\"><img loading=\"lazy\" decoding=\"async\" class=\"alignleft size-large wp-image-90645\" src=\"https:\/\/primicias2262.com\/wp-content\/uploads\/2022\/06\/WhatsApp-Image-2022-06-10-at-7.42.48-PM-1-473x1024.jpeg\" alt=\"\" width=\"473\" height=\"1024\" \/><\/a>Los vaivenes en el estado de \u00e1nimo a los que se refiri\u00f3 la consejera est\u00e1n condicionados por estos actos de vandalismo, que no hacen m\u00e1s que opacar un trabajo a destajo que se realiza desde el organismo para dar distinto tipo de respuestas a las comunidades educativas.<\/p>\n<p>Por ejemplo, la novedad de esta jornada deber\u00eda haber sido la nueva iluminaci\u00f3n con la que cuenta la Escuela primaria N\u00b0 10, en la Avenida 59 y 86, donde ayer \u201cse terminaron de colocar reflectores con fotoc\u00e9lulas, porque si bien tiene sistema de monitoreo y alarma, la luz es importante para dar seguridad al turno vespertino y a la noche, cuando la escuela queda vac\u00eda\u201d.<\/p>\n<p>Por otra parte, Ortega inform\u00f3 que se elev\u00f3 un reclamo al subsecretario de Infraestructura Escolar, Ariel Lambezat, por una obra de calefacci\u00f3n que se solicit\u00f3 hace m\u00e1s de 20 d\u00edas y que busca favorecer a la Escuela Primaria N\u00b0 52, en el Barrio los Tilos, que tiene problemas para mantener sus aulas c\u00e1lidas y, por ende, aptas para que sus alumnos cursen los estudios de la manera correspondiente.<\/p>\n<p>\u201cAnoche nos volvimos a comunicar algunas consejeras de distintos espacios para que den celeridad a la obra, porque realmente es necesaria\u201d, calific\u00f3 la tesorera sobre la preocupante situaci\u00f3n que se vive en la instituci\u00f3n, que fuera inaugurada hace poco menos de 14 a\u00f1os (all\u00e1 por agosto de 2008) y presentada por las autoridades del momento como \u201cuna escuela de primera\u201d con \u201cmodernos sistemas de calefacci\u00f3n y aire fresco\u201d, seg\u00fan relatan las cr\u00f3nicas de aquellos d\u00edas.<\/p>\n","protected":false},"excerpt":{"rendered":"<p>Los hechos vand\u00e1licos se produjeron durante la madrugada de este viernes en las primarias N\u00b0 48 y N\u00b0 19, seg\u00fan inform\u00f3 a consejera escolar Elizabeth Ortega, quien pidi\u00f3 conformar una mesa con los organismos correspondientes para atacar esta modalidad delictiva que se ha incrementado en los \u00faltimos d\u00edas de manera preocupante. Apenas comenzada la jornada [&hellip;]<\/p>\n","protected":false},"author":3,"featured_media":90641,"comment_status":"closed","ping_status":"closed","sticky":false,"template":"","format":"standard","meta":{"footnotes":""},"categories":[3],"tags":[],"class_list":["post-90640","post","type-post","status-publish","format-standard","has-post-thumbnail","category-masnoticias"],"_links":{"self":[{"href":"https:\/\/primicias2262.com\/noticias\/wp-json\/wp\/v2\/posts\/90640","targetHints":{"allow":["GET"]}}],"collection":[{"href":"https:\/\/primicias2262.com\/noticias\/wp-json\/wp\/v2\/posts"}],"about":[{"href":"https:\/\/primicias2262.com\/noticias\/wp-json\/wp\/v2\/types\/post"}],"author":[{"embeddable":true,"href":"https:\/\/primicias2262.com\/noticias\/wp-json\/wp\/v2\/users\/3"}],"replies":[{"embeddable":true,"href":"https:\/\/primicias2262.com\/noticias\/wp-json\/wp\/v2\/comments?post=90640"}],"version-history":[{"count":0,"href":"https:\/\/primicias2262.com\/noticias\/wp-json\/wp\/v2\/posts\/90640\/revisions"}],"wp:attachment":[{"href":"https:\/\/primicias2262.com\/noticias\/wp-json\/wp\/v2\/media?parent=90640"}],"wp:term":[{"taxonomy":"category","embeddable":true,"href":"https:\/\/primicias2262.com\/noticias\/wp-json\/wp\/v2\/categories?post=90640"},{"taxonomy":"post_tag","embeddable":true,"href":"https:\/\/primicias2262.com\/noticias\/wp-json\/wp\/v2\/tags?post=90640"}],"curies":[{"name":"wp","href":"https:\/\/api.w.org\/{rel}","templated":true}]}}