{"id":90693,"date":"2022-06-12T17:20:54","date_gmt":"2022-06-12T20:20:54","guid":{"rendered":"https:\/\/primicias2262.com\/?p=90693"},"modified":"2022-06-12T17:20:54","modified_gmt":"2022-06-12T20:20:54","slug":"preparan-caacitacipn-para-desarrollar-competencias-en-el-mundo-emprendedor","status":"publish","type":"post","link":"https:\/\/primicias2262.com\/noticias\/preparan-caacitacipn-para-desarrollar-competencias-en-el-mundo-emprendedor\/","title":{"rendered":"Preparan capacitaci\u00f3n para desarrollar competencias en el mundo emprendedor"},"content":{"rendered":"<div class=\"wp-block-media-text is-stacked-on-mobile is-vertically-aligned-top\">\n<div class=\"wp-block-media-text__content\">\n<p>La Secretar\u00eda de Turismo y Desarrollo Productivo se encuentra organizando una nueva capacitaci\u00f3n online, abierta y gratuita para que los emprendedores incorporen competencias fundamentales para cualquier negocio con proyecci\u00f3n de crecimiento, que tendr\u00e1 inicio el pr\u00f3ximo mi\u00e9rcoles 22 de junio.<\/p>\n<p><a href=\"https:\/\/primicias2262.com\/wp-content\/uploads\/2022\/06\/Plaza.jpg\"><img loading=\"lazy\" decoding=\"async\" class=\"alignright size-medium wp-image-90694\" src=\"https:\/\/primicias2262.com\/wp-content\/uploads\/2022\/06\/Plaza-300x300.jpg\" alt=\"\" width=\"300\" height=\"300\" \/><\/a>Este tercer ciclo de un programa integral que ya abarc\u00f3 formaci\u00f3n sobre comunicaci\u00f3n y modelos de negocios se centrar\u00e1 en un temario que comprende los siguientes puntos: estimaci\u00f3n de costos, plan financiero, claves legales para emprendedores y aspectos impositivos.<\/p>\n<p>Bajo la denominaci\u00f3n \u201cCreando tu negocio\u201d, el curso que ser\u00e1 dictado por los docentes de la Universidad Nacional de Mar del Plata, Juan Pablo Frattuzzo y Mar\u00eda Florencia Moyano, constar\u00e1 de 6 encuentros que se llevar\u00e1n a cabo durante los lunes y mi\u00e9rcoles subsiguientes a la fecha inaugural, entre las 14 y las 17.<\/p>\n<\/div>\n<\/div>\n<p>Entre las metas perseguidas por la capacitaci\u00f3n resaltan los objetivos de desarrollar competencias en el participante para estimar costos de productos y\/o servicios, realizar una planificaci\u00f3n econ\u00f3mica financiera y entender aspectos legales e impositivos para la formalizaci\u00f3n del negocio.<\/p>\n<p>Antes informando que los interesados pueden inscribirse completando un peque\u00f1o formulario en el link\u00a0<a href=\"https:\/\/bit.ly\/CREANDO_TU_NEGOCIO\">https:\/\/bit.ly\/CREANDO_TU_NEGOCIO<\/a>\u00a0hasta el pr\u00f3ximo martes 21 de junio, desde el \u00e1rea agregaron que se brindar\u00e1 material en formato digital, a modo de soporte extra, para que los emprendedores puedan afianzar los temas tratados y les sirva como fuente de consulta permanente al finalizar el curso.<\/p>\n","protected":false},"excerpt":{"rendered":"<p>La Secretar\u00eda de Turismo y Desarrollo Productivo se encuentra organizando una nueva capacitaci\u00f3n online, abierta y gratuita para que los emprendedores incorporen competencias fundamentales para cualquier negocio con proyecci\u00f3n de crecimiento, que tendr\u00e1 inicio el pr\u00f3ximo mi\u00e9rcoles 22 de junio. Este tercer ciclo de un programa integral que ya abarc\u00f3 formaci\u00f3n sobre comunicaci\u00f3n y modelos [&hellip;]<\/p>\n","protected":false},"author":3,"featured_media":90696,"comment_status":"closed","ping_status":"closed","sticky":false,"template":"","format":"standard","meta":{"footnotes":""},"categories":[3],"tags":[],"class_list":["post-90693","post","type-post","status-publish","format-standard","has-post-thumbnail","category-masnoticias"],"_links":{"self":[{"href":"https:\/\/primicias2262.com\/noticias\/wp-json\/wp\/v2\/posts\/90693","targetHints":{"allow":["GET"]}}],"collection":[{"href":"https:\/\/primicias2262.com\/noticias\/wp-json\/wp\/v2\/posts"}],"about":[{"href":"https:\/\/primicias2262.com\/noticias\/wp-json\/wp\/v2\/types\/post"}],"author":[{"embeddable":true,"href":"https:\/\/primicias2262.com\/noticias\/wp-json\/wp\/v2\/users\/3"}],"replies":[{"embeddable":true,"href":"https:\/\/primicias2262.com\/noticias\/wp-json\/wp\/v2\/comments?post=90693"}],"version-history":[{"count":0,"href":"https:\/\/primicias2262.com\/noticias\/wp-json\/wp\/v2\/posts\/90693\/revisions"}],"wp:attachment":[{"href":"https:\/\/primicias2262.com\/noticias\/wp-json\/wp\/v2\/media?parent=90693"}],"wp:term":[{"taxonomy":"category","embeddable":true,"href":"https:\/\/primicias2262.com\/noticias\/wp-json\/wp\/v2\/categories?post=90693"},{"taxonomy":"post_tag","embeddable":true,"href":"https:\/\/primicias2262.com\/noticias\/wp-json\/wp\/v2\/tags?post=90693"}],"curies":[{"name":"wp","href":"https:\/\/api.w.org\/{rel}","templated":true}]}}