{"id":90730,"date":"2022-06-13T15:10:28","date_gmt":"2022-06-13T18:10:28","guid":{"rendered":"https:\/\/primicias2262.com\/?p=90730"},"modified":"2022-06-13T15:10:28","modified_gmt":"2022-06-13T18:10:28","slug":"atletismo-se-corrio-la-2da-fecha-del-cross-y-este-miercoles-es-la-etapa-local-de-bonaerenses","status":"publish","type":"post","link":"https:\/\/primicias2262.com\/noticias\/atletismo-se-corrio-la-2da-fecha-del-cross-y-este-miercoles-es-la-etapa-local-de-bonaerenses\/","title":{"rendered":"Atletismo: se corri\u00f3 la 2da fecha del Cross y este mi\u00e9rcoles es la etapa local de Bonaerenses"},"content":{"rendered":"<p><strong>Necochea estuvo representada por cuatro atletas en la segunda fecha del Campeonato de Campo en Mar del Plata, mientras que para el mi\u00e9rcoles a las 9 se anuncia la etapa de Juegos Bonaerenses en el Polideportivo Municipal.<\/strong><\/p>\n<p>A tono con su intenso calendario competitivo, la Escuela Municipal de Atletismo transita varios frentes actualmente, entre campeonatos provinciales, como el de Campo de Mar del Plata, con la disputa de la 2da fecha, o la apertura de la etapa local de los Juegos Bonaerenses, que se desarrollar\u00e1 con un gran marco de chicos el pr\u00f3ximo mi\u00e9rcoles en el Polideportivo Municipal.<\/p>\n<p>Respecto a lo que ya sucedi\u00f3, el pasado s\u00e1bado en Mar del Plata un grupo de cuatro necochenses corrieron la 2da fecha del Cross Country de la Federaci\u00f3n Marplatense, con el dato saliente de que una de las referentes de la Escuela Municipal, \u00a0Verina Vezzi, retorn\u00f3 a la competencia oficial y fue segunda.<\/p>\n<p>Verina se encuentra estudiando en la Universidad en Mar del Plata y entrenando en esa ciudad junto a Federico Acha en el club Malgor, y en Necochea junto al coordinador de la escuela, Mauro Cabrera, y este s\u00e1bado retom\u00f3 su competencia oficial consagr\u00e1ndose como 2da en los 8 kil\u00f3metros de la categor\u00eda U23, con un excelente crono de 27.19 para completar la distancia.<\/p>\n<p>En tanto entre los varones, Tomas Ben\u00edtez y Agust\u00edn Dos Santos, quienes tambi\u00e9n viven y estudian en Mar del Plata, terminaron 7\u00ba y 8\u00ba (29.26 \u2013 30.18) en los 8 km en la categor\u00eda U23; y por el lado del m\u00e1s joven de la delegaci\u00f3n, Santino Marchetti, al paso del kil\u00f3metro 3 de los 6 a recorrer se vio forzado a abandonar por una gran fatiga muscular.<\/p>\n<p><strong>Este mi\u00e9rcoles ser\u00e1 la etapa local de Juegos Bonaerenses<\/strong><\/p>\n<p>En tanto, con la organizaci\u00f3n de la Direcci\u00f3n de Deportes, a cargo de Guadalupe Hern\u00e1ndez, y la fiscalizaci\u00f3n de los profesores de dicha Escuela Municipal que encabeza Cabrera, este mi\u00e9rcoles 15 de junio a partir de las 9 en el Polideportivo Municipal se realizar\u00e1 la etapa local de los Juegos Bonaerenses para todas las categor\u00edas. Para dicha cita, se especifica a quienes se presenten a competir que es obligatorio concurrir con el DNI y la ficha de salud.<\/p>\n","protected":false},"excerpt":{"rendered":"<p>Necochea estuvo representada por cuatro atletas en la segunda fecha del Campeonato de Campo en Mar del Plata, mientras que para el mi\u00e9rcoles a las 9 se anuncia la etapa de Juegos Bonaerenses en el Polideportivo Municipal. A tono con su intenso calendario competitivo, la Escuela Municipal de Atletismo transita varios frentes actualmente, entre campeonatos [&hellip;]<\/p>\n","protected":false},"author":3,"featured_media":90731,"comment_status":"closed","ping_status":"closed","sticky":false,"template":"","format":"standard","meta":{"footnotes":""},"categories":[5],"tags":[],"class_list":{"0":"post-90730","1":"post","2":"type-post","3":"status-publish","4":"format-standard","5":"has-post-thumbnail","7":"category-neco"},"_links":{"self":[{"href":"https:\/\/primicias2262.com\/noticias\/wp-json\/wp\/v2\/posts\/90730","targetHints":{"allow":["GET"]}}],"collection":[{"href":"https:\/\/primicias2262.com\/noticias\/wp-json\/wp\/v2\/posts"}],"about":[{"href":"https:\/\/primicias2262.com\/noticias\/wp-json\/wp\/v2\/types\/post"}],"author":[{"embeddable":true,"href":"https:\/\/primicias2262.com\/noticias\/wp-json\/wp\/v2\/users\/3"}],"replies":[{"embeddable":true,"href":"https:\/\/primicias2262.com\/noticias\/wp-json\/wp\/v2\/comments?post=90730"}],"version-history":[{"count":0,"href":"https:\/\/primicias2262.com\/noticias\/wp-json\/wp\/v2\/posts\/90730\/revisions"}],"wp:featuredmedia":[{"embeddable":true,"href":"https:\/\/primicias2262.com\/noticias\/wp-json\/"}],"wp:attachment":[{"href":"https:\/\/primicias2262.com\/noticias\/wp-json\/wp\/v2\/media?parent=90730"}],"wp:term":[{"taxonomy":"category","embeddable":true,"href":"https:\/\/primicias2262.com\/noticias\/wp-json\/wp\/v2\/categories?post=90730"},{"taxonomy":"post_tag","embeddable":true,"href":"https:\/\/primicias2262.com\/noticias\/wp-json\/wp\/v2\/tags?post=90730"}],"curies":[{"name":"wp","href":"https:\/\/api.w.org\/{rel}","templated":true}]}}