{"id":90733,"date":"2022-06-13T19:05:25","date_gmt":"2022-06-13T22:05:25","guid":{"rendered":"https:\/\/primicias2262.com\/?p=90733"},"modified":"2022-06-13T19:05:25","modified_gmt":"2022-06-13T22:05:25","slug":"entiendo-la-situacion-de-los-trabajadores-de-micros-pero-tambien-estoy-del-lado-de-la-sociedad","status":"publish","type":"post","link":"https:\/\/primicias2262.com\/noticias\/entiendo-la-situacion-de-los-trabajadores-de-micros-pero-tambien-estoy-del-lado-de-la-sociedad\/","title":{"rendered":"\u201cEntiendo la situaci\u00f3n de los trabajadores de micros, pero tambi\u00e9n estoy del lado de la sociedad\u201d"},"content":{"rendered":"<p><strong>As\u00ed lo afirm\u00f3 el secretario local de SUTERH y concejal del Frente de Todos, Rafael I\u00e1cono, en la mesa de Voces de la Ciudad, que se emite por FM Vinilo 103.5, ante la consulta del periodista Jorge G\u00f3mez sobre tan delicado tema del aumento del boleto urbano, que llevar\u00eda el valor del mismo de 80 a 150 pesos en diciembre.<\/strong><\/p>\n<p><a href=\"https:\/\/primicias2262.com\/wp-content\/uploads\/2022\/06\/WhatsApp-Image-2022-06-13-at-2.05.39-PM.jpeg\"><img loading=\"lazy\" decoding=\"async\" class=\"alignright size-medium wp-image-90734\" src=\"https:\/\/primicias2262.com\/wp-content\/uploads\/2022\/06\/WhatsApp-Image-2022-06-13-at-2.05.39-PM-300x169.jpeg\" alt=\"\" width=\"300\" height=\"169\" \/><\/a>\u201cEl boleto est\u00e1 a 80 pesos y lo quieren llevar a 115 primero y a 150 pesos en diciembre: en seis meses ser\u00eda casi un 90% de aumento y ning\u00fan gremio consigui\u00f3 un 90% de aumento en tan poco tiempo\u201d, comenz\u00f3 contextualizando I\u00e1cono, para opinar que \u201centiendo la situaci\u00f3n de la empresa y los trabajadores, pero tambi\u00e9n estoy del lado de la sociedad que usa cotidianamente el colectivo y me parece que habr\u00eda que buscar una f\u00f3rmula que no afecte al chofer ni a la comunidad\u201d.<\/p>\n<p>Ante ello, inst\u00f3 a trabajar el tema de forma r\u00e1pida y conjunta y encontrar una soluci\u00f3n, \u201cya que todos los a\u00f1os pasa lo mismo, y m\u00e1s ahora con la inflaci\u00f3n general. Hay que buscar consenso entre todos los bloques del HCD y lograr una mayor\u00eda que estemos de acuerdo para que no salga perjudicada ninguna de las partes\u201d.<\/p>\n<p>En ese marco, enfatiz\u00f3 que \u201cno podemos dejar sin servicio a Necochea, es una ciudad grande y que est\u00e1 creciendo, hay cada vez m\u00e1s barrios que piden servicios\u201d, por ello insisti\u00f3 en que \u201chay que trabajar de forma seria este tema y la empresa tiene que seguir estando en la ciudad\u201d, m\u00e1s aun teniendo en cuenta que son alrededor de 100 choferes que siguen el tema de cerca, y unas 400 personas que dependen de ese trabajo.<\/p>\n<p>Finalmente, quien transita su tercer a\u00f1o como concejal y es secretario general de SUTERH delegaci\u00f3n Necochea (Sindicato \u00fanico de Trabajadores de Edificios de Renta y Horizontal), sintetiz\u00f3 que \u201ces un aumento bastante importante porque ninguna de las paritarias ha logrado un aumento del 90%, pero tambi\u00e9n sabemos que el valor del boleto viene atrasado, por eso hay que llegar a un consenso mayoritario para que esto salga lo m\u00e1s pronto posible\u201d.<\/p>\n","protected":false},"excerpt":{"rendered":"<p>As\u00ed lo afirm\u00f3 el secretario local de SUTERH y concejal del Frente de Todos, Rafael I\u00e1cono, en la mesa de Voces de la Ciudad, que se emite por FM Vinilo 103.5, ante la consulta del periodista Jorge G\u00f3mez sobre tan delicado tema del aumento del boleto urbano, que llevar\u00eda el valor del mismo de 80 [&hellip;]<\/p>\n","protected":false},"author":3,"featured_media":77143,"comment_status":"closed","ping_status":"closed","sticky":false,"template":"","format":"standard","meta":{"footnotes":""},"categories":[3],"tags":[],"class_list":["post-90733","post","type-post","status-publish","format-standard","has-post-thumbnail","category-masnoticias"],"_links":{"self":[{"href":"https:\/\/primicias2262.com\/noticias\/wp-json\/wp\/v2\/posts\/90733","targetHints":{"allow":["GET"]}}],"collection":[{"href":"https:\/\/primicias2262.com\/noticias\/wp-json\/wp\/v2\/posts"}],"about":[{"href":"https:\/\/primicias2262.com\/noticias\/wp-json\/wp\/v2\/types\/post"}],"author":[{"embeddable":true,"href":"https:\/\/primicias2262.com\/noticias\/wp-json\/wp\/v2\/users\/3"}],"replies":[{"embeddable":true,"href":"https:\/\/primicias2262.com\/noticias\/wp-json\/wp\/v2\/comments?post=90733"}],"version-history":[{"count":0,"href":"https:\/\/primicias2262.com\/noticias\/wp-json\/wp\/v2\/posts\/90733\/revisions"}],"wp:attachment":[{"href":"https:\/\/primicias2262.com\/noticias\/wp-json\/wp\/v2\/media?parent=90733"}],"wp:term":[{"taxonomy":"category","embeddable":true,"href":"https:\/\/primicias2262.com\/noticias\/wp-json\/wp\/v2\/categories?post=90733"},{"taxonomy":"post_tag","embeddable":true,"href":"https:\/\/primicias2262.com\/noticias\/wp-json\/wp\/v2\/tags?post=90733"}],"curies":[{"name":"wp","href":"https:\/\/api.w.org\/{rel}","templated":true}]}}