{"id":90737,"date":"2022-06-14T08:17:36","date_gmt":"2022-06-14T11:17:36","guid":{"rendered":"https:\/\/primicias2262.com\/?p=90737"},"modified":"2022-06-14T08:17:36","modified_gmt":"2022-06-14T11:17:36","slug":"abrio-la-inscripcion-a-la-diplomatura-en-educacion-para-la-paz-y-el-abordaje-de-la-conflictividad-social","status":"publish","type":"post","link":"https:\/\/primicias2262.com\/noticias\/abrio-la-inscripcion-a-la-diplomatura-en-educacion-para-la-paz-y-el-abordaje-de-la-conflictividad-social\/","title":{"rendered":"Abri\u00f3 la inscripci\u00f3n a la Diplomatura en Educaci\u00f3n para la Paz y el Abordaje de la Conflictividad Social"},"content":{"rendered":"<p><strong>La pre-inscripci\u00f3n para la tercera edici\u00f3n del trayecto formativo estar\u00e1 abierta hasta el 15 de julio de 2022, y la cursada comenzar\u00e1 el 13 de agosto en la subsede de la UNICEN en Quequ\u00e9n, calle 508 N\u00b0 881.<\/strong><\/p>\n<p>Desde el lunes 13 de junio y hasta el 15 de julio pr\u00f3ximo est\u00e1 abierta la pre-inscripci\u00f3n para una nueva edici\u00f3n de la propuesta que se dicta en la Unidad de Ense\u00f1anza Universitaria Quequ\u00e9n. Las cursadas comenzar\u00e1n a dictarse de forma presencial el 13 de agosto.<\/p>\n<p>La Diplomatura Universitaria en Educaci\u00f3n para la Paz y el Abordaje de la Conflictividad Social surgi\u00f3 como una experiencia de articulaci\u00f3n entre la Asociaci\u00f3n Civil Alfredo Marcenac y la Facultad de Ciencias Sociales. Este trayecto formativo es dictado por docentes de la C\u00e1tedra Abierta de dicha asociaci\u00f3n y docentes e investigadores\/as del Grupo de Estudios Socioculturales del Conflicto (GESC) de la FACSO, en el marco de un acuerdo de colaboraci\u00f3n entre la Municipalidad de Necochea, la UNICEN y la C\u00e1tedra Abierta de la Asociaci\u00f3n Marcenac.<\/p>\n<p>La propuesta nace del desaf\u00edo que asumi\u00f3 la Universidad Nacional del Centro de la Provincia de Buenos Aires ante la presencia permanente de la violencia en el colectivo social, con el fin de contribuir a la discusi\u00f3n cr\u00edtica y al abordaje de la conflictividad social y a la formaci\u00f3n para una cultura de paz desde una perspectiva cient\u00edfico &#8211; acad\u00e9mica.<\/p>\n<p>La Diplomatura tiene un enfoque pedag\u00f3gico transdisciplinario, con propuestas \u00e1ulicas innovadoras y con experiencias de trabajo territorial que promueven la implicaci\u00f3n y el compromiso de los estudiantes con la tem\u00e1tica, con una extensi\u00f3n de cursada de 2 a\u00f1os.<\/p>\n<p><a href=\"https:\/\/primicias2262.com\/wp-content\/uploads\/2022\/06\/inscrip-diplomat.jpg\"><img loading=\"lazy\" decoding=\"async\" class=\"aligncenter size-large wp-image-90739\" src=\"https:\/\/primicias2262.com\/wp-content\/uploads\/2022\/06\/inscrip-diplomat-1022x1024.jpg\" alt=\"\" width=\"696\" height=\"697\" \/><\/a><\/p>\n<p>Los interesados s\u00f3lo deben cumplir con el requisito de haber completado el nivel secundario. Est\u00e1 dirigida a docentes de todos los niveles y modalidades, funcionarios y empleados del sector p\u00fablico, comunicadores, referentes comunitarios, agentes de salud, miembros del poder judicial, representantes sindicales y pol\u00edticos y estudiantes de nivel superior de todas las disciplinas.<\/p>\n<p><strong>Para pre-inscripci\u00f3n, informes y consultas es posible ingresar a\u00a0<a href=\"http:\/\/www.quequen.unicen.edu.ar\/\" data-saferedirecturl=\"https:\/\/www.google.com\/url?q=http:\/\/www.quequen.unicen.edu.ar&amp;source=gmail&amp;ust=1655290560171000&amp;usg=AOvVaw1dvD_0QVhkxmgb2xklXTSh\">www.quequen.unicen.edu.ar<\/a>, acercarse a la Unidad de Ense\u00f1anza Universitaria Quequ\u00e9n o comunicarse a los tel\u00e9fonos (02262) 451499 \u00f3 453232.<\/strong><\/p>\n","protected":false},"excerpt":{"rendered":"<p>La pre-inscripci\u00f3n para la tercera edici\u00f3n del trayecto formativo estar\u00e1 abierta hasta el 15 de julio de 2022, y la cursada comenzar\u00e1 el 13 de agosto en la subsede de la UNICEN en Quequ\u00e9n, calle 508 N\u00b0 881. Desde el lunes 13 de junio y hasta el 15 de julio pr\u00f3ximo est\u00e1 abierta la pre-inscripci\u00f3n [&hellip;]<\/p>\n","protected":false},"author":3,"featured_media":73090,"comment_status":"closed","ping_status":"closed","sticky":false,"template":"","format":"standard","meta":{"footnotes":""},"categories":[3],"tags":[],"class_list":["post-90737","post","type-post","status-publish","format-standard","has-post-thumbnail","category-masnoticias"],"_links":{"self":[{"href":"https:\/\/primicias2262.com\/noticias\/wp-json\/wp\/v2\/posts\/90737","targetHints":{"allow":["GET"]}}],"collection":[{"href":"https:\/\/primicias2262.com\/noticias\/wp-json\/wp\/v2\/posts"}],"about":[{"href":"https:\/\/primicias2262.com\/noticias\/wp-json\/wp\/v2\/types\/post"}],"author":[{"embeddable":true,"href":"https:\/\/primicias2262.com\/noticias\/wp-json\/wp\/v2\/users\/3"}],"replies":[{"embeddable":true,"href":"https:\/\/primicias2262.com\/noticias\/wp-json\/wp\/v2\/comments?post=90737"}],"version-history":[{"count":0,"href":"https:\/\/primicias2262.com\/noticias\/wp-json\/wp\/v2\/posts\/90737\/revisions"}],"wp:attachment":[{"href":"https:\/\/primicias2262.com\/noticias\/wp-json\/wp\/v2\/media?parent=90737"}],"wp:term":[{"taxonomy":"category","embeddable":true,"href":"https:\/\/primicias2262.com\/noticias\/wp-json\/wp\/v2\/categories?post=90737"},{"taxonomy":"post_tag","embeddable":true,"href":"https:\/\/primicias2262.com\/noticias\/wp-json\/wp\/v2\/tags?post=90737"}],"curies":[{"name":"wp","href":"https:\/\/api.w.org\/{rel}","templated":true}]}}