{"id":90784,"date":"2022-06-15T13:42:10","date_gmt":"2022-06-15T16:42:10","guid":{"rendered":"https:\/\/primicias2262.com\/?p=90784"},"modified":"2022-06-15T13:42:10","modified_gmt":"2022-06-15T16:42:10","slug":"mas-instituciones-educativas-se-suman-al-proyecto-de-piscicultura-te-visita","status":"publish","type":"post","link":"https:\/\/primicias2262.com\/noticias\/mas-instituciones-educativas-se-suman-al-proyecto-de-piscicultura-te-visita\/","title":{"rendered":"M\u00e1s instituciones educativas se suman al proyecto de \u00abPiscicultura te visita\u00bb"},"content":{"rendered":"<p><strong>Esta semana fue el turno de la Escuela N\u00ba 41 de Costa Bonita, donde t\u00e9cnicos de la Estaci\u00f3n de Piscicultura dieron una charla, mostraron ejemplares del R\u00edo Quequ\u00e9n y conocieron la huerta de la instituci\u00f3n.<\/strong><\/p>\n<p>Con la coordinaci\u00f3n de la Direcci\u00f3n de Gesti\u00f3n Ambiental de la comuna, a cargo de Isabel G\u00e9nova, el proyecto \u2018Piscicultura te visita\u2019 es solicitado por instituciones educativas para trabajar con visitas de intercambio y esta vez se lleg\u00f3 hasta la Escuela N\u00ba 41 de Costa Bonita \u201cNi\u00f1as de Ayohuma\u201d.<\/p>\n<p>En esta oportunidad, alumnos, docentes y la directora del establecimiento, Silvina Panarese, recibieron a los t\u00e9cnicos de la Estaci\u00f3n de Piscicultura, encargados de llevar adelante las charlas, Naschel Caro Petersen y C\u00e9sar Colatriano, quienes acercaron ejemplares aut\u00f3ctonos del R\u00edo Quequ\u00e9n, como bagre y mojarras, y especies del acuario, como axolotes y langostas australianas\u201d.<\/p>\n<p>Despu\u00e9s de dedicar un espacio a charlas informativas e interactivas con los alumnos, los t\u00e9cnicos fueron invitados a recorrer la escuela y la huerta en su invernadero, para pr\u00f3ximamente realizar alg\u00fan proyecto en conjunto.<\/p>\n<p>Vale destacar que este a\u00f1o, Gesti\u00f3n Ambiental comenz\u00f3 con los proyectos de \u2018Piscicultura te visita\u2019 y \u2018Un ni\u00f1o, un \u00e1rbol\u2019 (en este caso junto a Espacios P\u00fablicos), los cuales est\u00e1n a disposici\u00f3n de aquellas instituciones educativas que soliciten trabajar proyectos en conjunto con la Municipalidad para el cuidado de la flora y la fauna local y la concientizaci\u00f3n, tales como la Escuela N\u00ba 503 de Quequ\u00e9n o el Colegio Ikastola de Necochea.<\/p>\n","protected":false},"excerpt":{"rendered":"<p>Esta semana fue el turno de la Escuela N\u00ba 41 de Costa Bonita, donde t\u00e9cnicos de la Estaci\u00f3n de Piscicultura dieron una charla, mostraron ejemplares del R\u00edo Quequ\u00e9n y conocieron la huerta de la instituci\u00f3n. Con la coordinaci\u00f3n de la Direcci\u00f3n de Gesti\u00f3n Ambiental de la comuna, a cargo de Isabel G\u00e9nova, el proyecto \u2018Piscicultura [&hellip;]<\/p>\n","protected":false},"author":3,"featured_media":90785,"comment_status":"closed","ping_status":"closed","sticky":false,"template":"","format":"standard","meta":{"footnotes":""},"categories":[3],"tags":[],"class_list":["post-90784","post","type-post","status-publish","format-standard","has-post-thumbnail","category-masnoticias"],"_links":{"self":[{"href":"https:\/\/primicias2262.com\/noticias\/wp-json\/wp\/v2\/posts\/90784","targetHints":{"allow":["GET"]}}],"collection":[{"href":"https:\/\/primicias2262.com\/noticias\/wp-json\/wp\/v2\/posts"}],"about":[{"href":"https:\/\/primicias2262.com\/noticias\/wp-json\/wp\/v2\/types\/post"}],"author":[{"embeddable":true,"href":"https:\/\/primicias2262.com\/noticias\/wp-json\/wp\/v2\/users\/3"}],"replies":[{"embeddable":true,"href":"https:\/\/primicias2262.com\/noticias\/wp-json\/wp\/v2\/comments?post=90784"}],"version-history":[{"count":0,"href":"https:\/\/primicias2262.com\/noticias\/wp-json\/wp\/v2\/posts\/90784\/revisions"}],"wp:attachment":[{"href":"https:\/\/primicias2262.com\/noticias\/wp-json\/wp\/v2\/media?parent=90784"}],"wp:term":[{"taxonomy":"category","embeddable":true,"href":"https:\/\/primicias2262.com\/noticias\/wp-json\/wp\/v2\/categories?post=90784"},{"taxonomy":"post_tag","embeddable":true,"href":"https:\/\/primicias2262.com\/noticias\/wp-json\/wp\/v2\/tags?post=90784"}],"curies":[{"name":"wp","href":"https:\/\/api.w.org\/{rel}","templated":true}]}}