{"id":90789,"date":"2022-06-15T15:47:40","date_gmt":"2022-06-15T18:47:40","guid":{"rendered":"https:\/\/primicias2262.com\/?p=90789"},"modified":"2022-06-15T15:47:40","modified_gmt":"2022-06-15T18:47:40","slug":"claramente-el-camino-es-la-vacuna-afirmo-perestiuk-sobre-el-rebrote-de-covid","status":"publish","type":"post","link":"https:\/\/primicias2262.com\/noticias\/claramente-el-camino-es-la-vacuna-afirmo-perestiuk-sobre-el-rebrote-de-covid\/","title":{"rendered":"\u201cClaramente, el camino es la vacuna\u201d, afirm\u00f3 Perestiuk sobre el rebrote de Covid"},"content":{"rendered":"<p>La Secretaria de Salud de la Municipalidad de Necochea atribuy\u00f3 la merma de \u201ccomplicaciones hospitalarias o m\u00e1s necesidad de atenci\u00f3n\u201d al exitoso operativo de prevenci\u00f3n realizado en nuestro distrito. Ante la alerta de los cien casos positivos, record\u00f3 que la estad\u00edstica colecta los n\u00fameros de toda una semana.<\/p>\n<p>En el aire del programa Voces de la Ciudad, Andrea Perestiuk habl\u00f3 del aumento en la curva de positividad de Covid-19 en la \u00faltima semana, que alcanz\u00f3 al centenar de casos seg\u00fan el informe epidemiol\u00f3gico que emite la propia comuna cada lunes.<\/p>\n<p>Record\u00f3 que \u201cdesde hace un tiempo a esta parte, una vez que pas\u00f3 la tercera ola y se estabilizaron los casos, se empez\u00f3 a publicar, como hacen Provincia y Naci\u00f3n, los casos de Covid una vez por semana\u201d, por lo que \u201ctodos los lunes vamos a ver el acumulado semanal que, si bien es un n\u00famero importante, de ac\u00e1 al domingo tenemos 63 personas que van a ser dadas de alta, m\u00e1s all\u00e1 de que los hisopados contin\u00faa\u201d.<\/p>\n<p>\u201cLa pandemia no ha pasado y el Covid vino para quedarse\u201d, asever\u00f3 la odont\u00f3loga en una entrevista concedida al periodista Jorge G\u00f3mez, para agregar al respecto que, \u201cclaramente, el camino es la vacuna\u201d.<\/p>\n<p>En ese sentido, prosigui\u00f3: \u201cSi no tenemos m\u00e1s complicaciones hospitalarias o m\u00e1s necesidad de atenci\u00f3n de estos pacientes, que transitan la enfermedad en sus domicilios en un noventa y tanto por ciento, lo podemos atribuir, sin dudas, al sistema de vacunaci\u00f3n que ha tenido nuestro pa\u00eds en general, nuestra provincia de Buenos Aires y nuestro municipio de Necochea en particular\u201d.<\/p>\n<p>Al responde a una interpelaci\u00f3n efectuada por el doctor Maximiliano Delfino, concejal del bloque Espacio Abierto Juntos, quien hab\u00eda expresado la necesidad de contar con un operativo de inoculaci\u00f3n m\u00e1s extenso, la funcionaria explic\u00f3 que \u201clos vacunatorios fueron organizados por la Provincia y, en muchos casos, como en Necochea, se han reducido los lugares como tambi\u00e9n los horarios de vacunaci\u00f3n porque se ha reducido el n\u00famero de becarios que estaban contratados, habida cuenta de que ya hemos avanzado en el calendario de manera muy importante\u201d.<\/p>\n<p>Al margen de esa aseveraci\u00f3n, la profesional de la salud agreg\u00f3 a modo de opini\u00f3n personal que \u201ccon el tiempo, si los refuerzos Covid cient\u00edficamente se comprueban que son necesarios y que van a servir para paliar la situaci\u00f3n de la pandemia, yo creo que en alg\u00fan momento va a ser como la vacunaci\u00f3n de la gripe, que hoy por hoy nos la podemos aplicar en los centros de salud\u201d.<\/p>\n<p>Antes de informar que esta ma\u00f1ana se produjo un operativo itinerante en la sede quequenense de Identidad Vecinal y que ma\u00f1ana se har\u00e1 lo propio en el Barrio Los Malvones, Perestiuk lanz\u00f3 un llamado a la comunidad: \u201cLas medidas de protecci\u00f3n en esta etapa de la pandemia en muchos casos no son obligatorias, se ha relajado el uso de barbijo, pero tenemos que tener y estar alertas a un mont\u00f3n de medidas que vinieron para quedarse, como el alcohol en gel, el alcohol al 70%, el lavado de manos, o el uso de barbijo si uno est\u00e1 atravesando por una enfermedad respiratoria o va a estar en un lugar cerrado con muchas personas\u201d.<\/p>\n","protected":false},"excerpt":{"rendered":"<p>La Secretaria de Salud de la Municipalidad de Necochea atribuy\u00f3 la merma de \u201ccomplicaciones hospitalarias o m\u00e1s necesidad de atenci\u00f3n\u201d al exitoso operativo de prevenci\u00f3n realizado en nuestro distrito. Ante la alerta de los cien casos positivos, record\u00f3 que la estad\u00edstica colecta los n\u00fameros de toda una semana. En el aire del programa Voces de [&hellip;]<\/p>\n","protected":false},"author":3,"featured_media":78951,"comment_status":"closed","ping_status":"closed","sticky":false,"template":"","format":"standard","meta":{"footnotes":""},"categories":[3],"tags":[],"class_list":["post-90789","post","type-post","status-publish","format-standard","has-post-thumbnail","category-masnoticias"],"_links":{"self":[{"href":"https:\/\/primicias2262.com\/noticias\/wp-json\/wp\/v2\/posts\/90789","targetHints":{"allow":["GET"]}}],"collection":[{"href":"https:\/\/primicias2262.com\/noticias\/wp-json\/wp\/v2\/posts"}],"about":[{"href":"https:\/\/primicias2262.com\/noticias\/wp-json\/wp\/v2\/types\/post"}],"author":[{"embeddable":true,"href":"https:\/\/primicias2262.com\/noticias\/wp-json\/wp\/v2\/users\/3"}],"replies":[{"embeddable":true,"href":"https:\/\/primicias2262.com\/noticias\/wp-json\/wp\/v2\/comments?post=90789"}],"version-history":[{"count":0,"href":"https:\/\/primicias2262.com\/noticias\/wp-json\/wp\/v2\/posts\/90789\/revisions"}],"wp:attachment":[{"href":"https:\/\/primicias2262.com\/noticias\/wp-json\/wp\/v2\/media?parent=90789"}],"wp:term":[{"taxonomy":"category","embeddable":true,"href":"https:\/\/primicias2262.com\/noticias\/wp-json\/wp\/v2\/categories?post=90789"},{"taxonomy":"post_tag","embeddable":true,"href":"https:\/\/primicias2262.com\/noticias\/wp-json\/wp\/v2\/tags?post=90789"}],"curies":[{"name":"wp","href":"https:\/\/api.w.org\/{rel}","templated":true}]}}