{"id":90791,"date":"2022-06-16T09:22:56","date_gmt":"2022-06-16T12:22:56","guid":{"rendered":"https:\/\/primicias2262.com\/?p=90791"},"modified":"2022-06-16T09:22:56","modified_gmt":"2022-06-16T12:22:56","slug":"futbol-local-se-aprovechara-el-feriado-largo-para-jugar-los-partidos-pendientes","status":"publish","type":"post","link":"https:\/\/primicias2262.com\/noticias\/futbol-local-se-aprovechara-el-feriado-largo-para-jugar-los-partidos-pendientes\/","title":{"rendered":"F\u00fatbol local: se aprovechar\u00e1 el feriado largo para jugar los partidos pendientes"},"content":{"rendered":"<p>El campeonato \u00abEmilio Jeder Resuene\u00bb de la Liga Necochea de F\u00fatbol tendr\u00e1 una pausa en su andar regular este fin semana largo con feriados este viernes y el lunes 20 en homenaje a los pr\u00f3ceres Mart\u00edn Miguel de G\u00fcemes y Manuel Belgrano, pero adem\u00e1s con la celebraci\u00f3n del D\u00eda del Padre el venidero domingo 19.<\/p>\n<p>Por ello, se aprovechar\u00e1 para jugar los dos partidos pendientes que tiene el torneo, con la particularidad que un mismo equipo, Villa del Parque, deber\u00e1 jugar los dos partidos en un espacio de 72 horas en su estadio, que ha resultado como el m\u00e1s castigado por el mal clima.<\/p>\n<p><strong>Primeramente, este viernes 17 a partir de las 15 se completar\u00e1 la fase de los interzonales con el partido pendiente entre el Le\u00f3n de la Playa y Rivadavia, mientras que para el lunes 20 tambi\u00e9n a partir de las 15, est\u00e1 pactado que se tache el \u00faltimo asterisco con el cruce entre Villa y Nicanor Olivera, por la tercera fecha de la zona de fases y und\u00e9cima del campeonato.<\/strong><\/p>\n","protected":false},"excerpt":{"rendered":"<p>El campeonato \u00abEmilio Jeder Resuene\u00bb de la Liga Necochea de F\u00fatbol tendr\u00e1 una pausa en su andar regular este fin semana largo con feriados este viernes y el lunes 20 en homenaje a los pr\u00f3ceres Mart\u00edn Miguel de G\u00fcemes y Manuel Belgrano, pero adem\u00e1s con la celebraci\u00f3n del D\u00eda del Padre el venidero domingo 19. [&hellip;]<\/p>\n","protected":false},"author":3,"featured_media":72870,"comment_status":"closed","ping_status":"closed","sticky":false,"template":"","format":"standard","meta":{"footnotes":""},"categories":[3],"tags":[],"class_list":["post-90791","post","type-post","status-publish","format-standard","has-post-thumbnail","category-masnoticias"],"_links":{"self":[{"href":"https:\/\/primicias2262.com\/noticias\/wp-json\/wp\/v2\/posts\/90791","targetHints":{"allow":["GET"]}}],"collection":[{"href":"https:\/\/primicias2262.com\/noticias\/wp-json\/wp\/v2\/posts"}],"about":[{"href":"https:\/\/primicias2262.com\/noticias\/wp-json\/wp\/v2\/types\/post"}],"author":[{"embeddable":true,"href":"https:\/\/primicias2262.com\/noticias\/wp-json\/wp\/v2\/users\/3"}],"replies":[{"embeddable":true,"href":"https:\/\/primicias2262.com\/noticias\/wp-json\/wp\/v2\/comments?post=90791"}],"version-history":[{"count":0,"href":"https:\/\/primicias2262.com\/noticias\/wp-json\/wp\/v2\/posts\/90791\/revisions"}],"wp:attachment":[{"href":"https:\/\/primicias2262.com\/noticias\/wp-json\/wp\/v2\/media?parent=90791"}],"wp:term":[{"taxonomy":"category","embeddable":true,"href":"https:\/\/primicias2262.com\/noticias\/wp-json\/wp\/v2\/categories?post=90791"},{"taxonomy":"post_tag","embeddable":true,"href":"https:\/\/primicias2262.com\/noticias\/wp-json\/wp\/v2\/tags?post=90791"}],"curies":[{"name":"wp","href":"https:\/\/api.w.org\/{rel}","templated":true}]}}