{"id":90811,"date":"2022-06-16T09:49:03","date_gmt":"2022-06-16T12:49:03","guid":{"rendered":"https:\/\/primicias2262.com\/?p=90811"},"modified":"2022-06-16T09:49:03","modified_gmt":"2022-06-16T12:49:03","slug":"este-viernes-se-realizara-la-pena-popular-y-solidaria-martin-miguel-de-guemes","status":"publish","type":"post","link":"https:\/\/primicias2262.com\/noticias\/este-viernes-se-realizara-la-pena-popular-y-solidaria-martin-miguel-de-guemes\/","title":{"rendered":"Este viernes se realizar\u00e1 la Pe\u00f1a Popular y Solidaria \u201cMart\u00edn Miguel de G\u00fcemes\u201d"},"content":{"rendered":"<p>Ser\u00e1 en la sede de Dragado y Balizamiento, en calle 56 N\u00ba 2673, a partir de las 21, y como valor simb\u00f3lico de entrada se pedir\u00e1n kilos de harina que se donar\u00e1n a beneficio de las unidades barriales de UTEP.<\/p>\n<p>Cecilia Maldonado, integrante de UTEP (Uni\u00f3n sindicato de Trabajadores de Econom\u00eda Popular) y organizadora del evento, dialog\u00f3 en Voces de la Ciudad a trav\u00e9s de una sint\u00e9tica nota realizada por el periodista Jorge G\u00f3mez, donde anunci\u00f3 que \u201ceste viernes tendremos la Pe\u00f1a Popular y Solidaria en homenaje a Mart\u00edn Miguel de G\u00fcemes a las 21, en el sal\u00f3n de Dragado y Balizamiento\u201d.<\/p>\n<p>No s\u00f3lo se homenajear\u00e1 al pr\u00f3cer salte\u00f1o en un nuevo aniversario de su paso a la inmortalidad, sino que, como bien reza el motivo del evento, habr\u00e1 una cuesti\u00f3n solidaria de fondo: \u201cLa pe\u00f1a ser\u00e1 para juntar dinero a beneficio de las unidades barriales de UTEP, tanto Estrellita, como Ovillito de Lana y el resto, y la entrada que se \u201ccobrar\u00e1\u201d ser\u00e1n dos kilos de harina para los mayores y un kilo de harina por menores\u201d, inform\u00f3.<\/p>\n<p>Maldonado dej\u00f3 en claro adem\u00e1s que \u201cel evento ser\u00e1 abierto a toda la comunidad de Necochea y la idea de disfrutar en familia y entre amigos. Habr\u00e1 artistas invitados, como Colmena, el Chango Fiscina, Pato Doria y Chavo Flores\u201d, e incluso, \u201chabr\u00e1 karaoke\u201d, mencion\u00f3.<\/p>\n<p>Durante la pe\u00f1a, se contar\u00e1 con servicio de cantina, \u201cdonde la gente podr\u00e1 consumir choripanes empanadas, panchos y bebidas, adem\u00e1s de una movida folcl\u00f3rica y un espacio de cuidado de ni\u00f1os por parte de las chicas de Primera Infancia de la UTEP\u201d, destac\u00f3 la organizadora, para dejar entrever tambi\u00e9n que \u201chabr\u00e1 sorteos de productos que se realizan en las unidades productivas de UTEP\u201d.<\/p>\n","protected":false},"excerpt":{"rendered":"<p>Ser\u00e1 en la sede de Dragado y Balizamiento, en calle 56 N\u00ba 2673, a partir de las 21, y como valor simb\u00f3lico de entrada se pedir\u00e1n kilos de harina que se donar\u00e1n a beneficio de las unidades barriales de UTEP. Cecilia Maldonado, integrante de UTEP (Uni\u00f3n sindicato de Trabajadores de Econom\u00eda Popular) y organizadora del [&hellip;]<\/p>\n","protected":false},"author":3,"featured_media":90812,"comment_status":"closed","ping_status":"closed","sticky":false,"template":"","format":"standard","meta":{"footnotes":""},"categories":[3],"tags":[],"class_list":["post-90811","post","type-post","status-publish","format-standard","has-post-thumbnail","category-masnoticias"],"_links":{"self":[{"href":"https:\/\/primicias2262.com\/noticias\/wp-json\/wp\/v2\/posts\/90811","targetHints":{"allow":["GET"]}}],"collection":[{"href":"https:\/\/primicias2262.com\/noticias\/wp-json\/wp\/v2\/posts"}],"about":[{"href":"https:\/\/primicias2262.com\/noticias\/wp-json\/wp\/v2\/types\/post"}],"author":[{"embeddable":true,"href":"https:\/\/primicias2262.com\/noticias\/wp-json\/wp\/v2\/users\/3"}],"replies":[{"embeddable":true,"href":"https:\/\/primicias2262.com\/noticias\/wp-json\/wp\/v2\/comments?post=90811"}],"version-history":[{"count":0,"href":"https:\/\/primicias2262.com\/noticias\/wp-json\/wp\/v2\/posts\/90811\/revisions"}],"wp:attachment":[{"href":"https:\/\/primicias2262.com\/noticias\/wp-json\/wp\/v2\/media?parent=90811"}],"wp:term":[{"taxonomy":"category","embeddable":true,"href":"https:\/\/primicias2262.com\/noticias\/wp-json\/wp\/v2\/categories?post=90811"},{"taxonomy":"post_tag","embeddable":true,"href":"https:\/\/primicias2262.com\/noticias\/wp-json\/wp\/v2\/tags?post=90811"}],"curies":[{"name":"wp","href":"https:\/\/api.w.org\/{rel}","templated":true}]}}