{"id":90814,"date":"2022-06-16T13:57:37","date_gmt":"2022-06-16T16:57:37","guid":{"rendered":"https:\/\/primicias2262.com\/?p=90814"},"modified":"2022-06-16T13:57:37","modified_gmt":"2022-06-16T16:57:37","slug":"de-las-13-000-luminarias-que-hay-en-necochea-y-quequen-ya-se-cambiaron-3500-al-sistema-led","status":"publish","type":"post","link":"https:\/\/primicias2262.com\/noticias\/de-las-13-000-luminarias-que-hay-en-necochea-y-quequen-ya-se-cambiaron-3500-al-sistema-led\/","title":{"rendered":"De las 13.000 luminarias que hay en Necochea y Quequ\u00e9n ya se cambiaron 3500 al sistema Led"},"content":{"rendered":"<p>Desde la gesti\u00f3n municipal del intendente Arturo Rojas se comenz\u00f3 con el recambio de las viejas luminarias de la ciudad por los nuevos artefactos Led, algo que que avanza a pasos importantes en avenidas, calles convencionales e incluso, en las dem\u00e1s localidades del distrito.<\/p>\n<p>Al respecto, consultado por el periodista Jorge G\u00f3mez, el director de Planeamiento Energ\u00e9tico de la Municipalidad, Hugo Elguero, le puso cifras al recambiode las luminarias en Necochea.<\/p>\n<p>\u201cEstamos en el orden de las 3500 luminarias cambiadas, contando el esfuerzo propio de los vecinos por recambiar en las calles convencionales y todos los programas que se han implementado hasta el momento por el municipio en avenidas y arterias principales, a trav\u00e9s de FIM (Fonde de Infraestructura Municipal), PREIMBA o Argentina Hace\u201d, se\u00f1al\u00f3 al principio.<\/p>\n<p>A nivel m\u00e1s global, Elguero inform\u00f3 que \u201cestamos en el orden de 13 mil luminarias en Necochea Quequ\u00e9n\u201d, con lo que el recambio de 3500 ya representa casi un 27% del total. \u201cEs un plan que no se detiene, y ahora hay una ampliaci\u00f3n que est\u00e1 en pleno desarrollo en la zona de Ribera. Por PREIMBA se hab\u00eda llegado hasta la 74 y ahora se extiende hasta alcanzar la Sociedad Espa\u00f1ola\u201d, especific\u00f3.<\/p>\n<p>Pero adem\u00e1s, el funcionario a\u00f1adi\u00f3 que \u201cest\u00e1n contempladas las localidades del interior, con las que se hizo un convenio particular entre las cooperativas y el municipio, y este a\u00f1o tambi\u00e9n se ha implementado un plan donde se incrementa a\u00fan m\u00e1s la cantidad de luminarias que se est\u00e1n colocando. Por ejemplo el a\u00f1o pasado en Juan N. Fern\u00e1ndez se colocaron 42 luminarias de recambio y este a\u00f1o se van a colocar alrededor de 75 luminarias m\u00e1s\u201d.<\/p>\n<p>\u201cNos vamos extendiendo, por ejemplo en Costa Bonita se va a renovar con la iluminaci\u00f3n el frente costero con unas 14 luminarias Led\u201d, se\u00f1al\u00f3 en el cierre el director de Planeamiento Energ\u00e9tico.<\/p>\n","protected":false},"excerpt":{"rendered":"<p>Desde la gesti\u00f3n municipal del intendente Arturo Rojas se comenz\u00f3 con el recambio de las viejas luminarias de la ciudad por los nuevos artefactos Led, algo que que avanza a pasos importantes en avenidas, calles convencionales e incluso, en las dem\u00e1s localidades del distrito. Al respecto, consultado por el periodista Jorge G\u00f3mez, el director de [&hellip;]<\/p>\n","protected":false},"author":3,"featured_media":84341,"comment_status":"closed","ping_status":"closed","sticky":false,"template":"","format":"standard","meta":{"footnotes":""},"categories":[3],"tags":[],"class_list":["post-90814","post","type-post","status-publish","format-standard","has-post-thumbnail","category-masnoticias"],"_links":{"self":[{"href":"https:\/\/primicias2262.com\/noticias\/wp-json\/wp\/v2\/posts\/90814","targetHints":{"allow":["GET"]}}],"collection":[{"href":"https:\/\/primicias2262.com\/noticias\/wp-json\/wp\/v2\/posts"}],"about":[{"href":"https:\/\/primicias2262.com\/noticias\/wp-json\/wp\/v2\/types\/post"}],"author":[{"embeddable":true,"href":"https:\/\/primicias2262.com\/noticias\/wp-json\/wp\/v2\/users\/3"}],"replies":[{"embeddable":true,"href":"https:\/\/primicias2262.com\/noticias\/wp-json\/wp\/v2\/comments?post=90814"}],"version-history":[{"count":0,"href":"https:\/\/primicias2262.com\/noticias\/wp-json\/wp\/v2\/posts\/90814\/revisions"}],"wp:attachment":[{"href":"https:\/\/primicias2262.com\/noticias\/wp-json\/wp\/v2\/media?parent=90814"}],"wp:term":[{"taxonomy":"category","embeddable":true,"href":"https:\/\/primicias2262.com\/noticias\/wp-json\/wp\/v2\/categories?post=90814"},{"taxonomy":"post_tag","embeddable":true,"href":"https:\/\/primicias2262.com\/noticias\/wp-json\/wp\/v2\/tags?post=90814"}],"curies":[{"name":"wp","href":"https:\/\/api.w.org\/{rel}","templated":true}]}}