{"id":90834,"date":"2022-06-17T14:36:34","date_gmt":"2022-06-17T17:36:34","guid":{"rendered":"https:\/\/primicias2262.com\/?p=90834"},"modified":"2022-06-17T14:36:34","modified_gmt":"2022-06-17T17:36:34","slug":"a-traves-de-un-programa-nacional-trabajadores-de-la-economia-popular-pintan-escuelas-publicas","status":"publish","type":"post","link":"https:\/\/primicias2262.com\/noticias\/a-traves-de-un-programa-nacional-trabajadores-de-la-economia-popular-pintan-escuelas-publicas\/","title":{"rendered":"A trav\u00e9s de un programa nacional, trabajadores de la econom\u00eda popular pintan escuelas p\u00fablicas"},"content":{"rendered":"<p>La titular local de la UTEP, Patricia Aranda, explic\u00f3 en el aire de Voces de la Ciudad que ya son cerca de una decena los establecimientos intervenidos y que el accionar se pudo prolongar gracias a la buena gesti\u00f3n de los materiales realizada por los propios participantes de Potenciar Trabajo, sumado al apoyo de las comunidades educativas.<\/p>\n<p>Con el objetivo de enaltecer la tarea que llevan a cabo los participantes del programa Potenciar Trabajo, que han logrado pintar una decena de establecimientos educativos de Necochea como contraprestaci\u00f3n del beneficio econ\u00f3mico que reci\u00e9n de Naci\u00f3n, asegur\u00f3 que \u201clo importante es que la gente sepa ad\u00f3nde va el dinero que el Estado otorga, que a los trabajadores se les paga un sueldo no para estar en su casa, sino para trabajar\u201d.<\/p>\n<p>La representante de la Uni\u00f3n de Trabajadores de la Econom\u00eda Popular detall\u00f3 en ese contexto, mediante una entrevista ofrecida a Voces de la Ciudad, que actualmente se est\u00e1 terminado de pintar el interior y el exterior la Escuela Primaria N\u00ba 6 \u201cGral. Jos\u00e9 de San Mart\u00edn\u201d, gracias a un trabajo que llev\u00f3 aproximadamente dos meses y medio, lugar al que le seguir\u00e1n otros establecimientos como \u201cla Primaria N\u00ba 19, la Escuela 10 y un jard\u00edn de infantes\u201d.<\/p>\n<p>Con respecto al sistema que financia este tipo de accionar, la tambi\u00e9n integrante de la feria de emprendedores Cuatro Estaciones, explic\u00f3 que \u201cla pintura de los colegios empez\u00f3 en plena pandemia con un programa que se llam\u00f3 Argentina Unida por m\u00e1s Educaci\u00f3n y Trabajo\u201d, por el que \u201cla Naci\u00f3n pagaba el sueldo de los trabajadores; la Provincia, a trav\u00e9s de la Direcci\u00f3n de Escuelas, pon\u00eda la pintura, los insumos y herramientas; y el Consejo Escolar de Necochea eleg\u00eda los establecimientos a pintar\u201d.<\/p>\n<p>\u201cEs un programa de empleo y no social\u201d, recalc\u00f3 la dirigente, dando a conocer que por la buena gesti\u00f3n de los materiales realizada por los trabajadores luego de pintar, entre otras instituciones, \u201cel Liceo, la Media N\u00ba 2, la Secundaria del puerto, el Jard\u00edn N\u00ba 909 del Barrio 9 de Julio y la Secundaria 16\u201d, el proveedor del Consejo Escolar \u201creparti\u00f3 la pintura que sobr\u00f3 para pintar otras cuatro escuelas por fuera del convenio\u201d, un accionar que se puede realizar gracias al apoyo de las comunidades educativas que aportan los materiales faltantes.<\/p>\n<p>\u201cCuando se retir\u00f3 Juan de la Calle (el anterior presidente del Consejo Escolar) de sus funciones y vino Paula Arguello firmamos un acta acuerdo para pintar estas nuevas escuelas\u201d, con el que los participantes de Potenciar Trabajo \u201csiguen cumpliendo las horas normales de contraprestaci\u00f3n, que son 20 semanales\u201d, termin\u00f3 de revelar en el aire de FM Vinilo.<\/p>\n","protected":false},"excerpt":{"rendered":"<p>La titular local de la UTEP, Patricia Aranda, explic\u00f3 en el aire de Voces de la Ciudad que ya son cerca de una decena los establecimientos intervenidos y que el accionar se pudo prolongar gracias a la buena gesti\u00f3n de los materiales realizada por los propios participantes de Potenciar Trabajo, sumado al apoyo de las [&hellip;]<\/p>\n","protected":false},"author":3,"featured_media":90835,"comment_status":"closed","ping_status":"closed","sticky":false,"template":"","format":"standard","meta":{"footnotes":""},"categories":[3],"tags":[],"class_list":["post-90834","post","type-post","status-publish","format-standard","has-post-thumbnail","category-masnoticias"],"_links":{"self":[{"href":"https:\/\/primicias2262.com\/noticias\/wp-json\/wp\/v2\/posts\/90834","targetHints":{"allow":["GET"]}}],"collection":[{"href":"https:\/\/primicias2262.com\/noticias\/wp-json\/wp\/v2\/posts"}],"about":[{"href":"https:\/\/primicias2262.com\/noticias\/wp-json\/wp\/v2\/types\/post"}],"author":[{"embeddable":true,"href":"https:\/\/primicias2262.com\/noticias\/wp-json\/wp\/v2\/users\/3"}],"replies":[{"embeddable":true,"href":"https:\/\/primicias2262.com\/noticias\/wp-json\/wp\/v2\/comments?post=90834"}],"version-history":[{"count":0,"href":"https:\/\/primicias2262.com\/noticias\/wp-json\/wp\/v2\/posts\/90834\/revisions"}],"wp:attachment":[{"href":"https:\/\/primicias2262.com\/noticias\/wp-json\/wp\/v2\/media?parent=90834"}],"wp:term":[{"taxonomy":"category","embeddable":true,"href":"https:\/\/primicias2262.com\/noticias\/wp-json\/wp\/v2\/categories?post=90834"},{"taxonomy":"post_tag","embeddable":true,"href":"https:\/\/primicias2262.com\/noticias\/wp-json\/wp\/v2\/tags?post=90834"}],"curies":[{"name":"wp","href":"https:\/\/api.w.org\/{rel}","templated":true}]}}