{"id":90840,"date":"2022-06-17T14:55:20","date_gmt":"2022-06-17T17:55:20","guid":{"rendered":"https:\/\/primicias2262.com\/?p=90840"},"modified":"2022-06-17T14:55:20","modified_gmt":"2022-06-17T17:55:20","slug":"necochea-invierte-en-redes-sociales-para-llegar-a-2-millones-de-personas-que-viven-a-menos-de-450-km","status":"publish","type":"post","link":"https:\/\/primicias2262.com\/noticias\/necochea-invierte-en-redes-sociales-para-llegar-a-2-millones-de-personas-que-viven-a-menos-de-450-km\/","title":{"rendered":"Necochea invierte en redes sociales para llegar a 2 millones de personas que viven a menos de 450 Km."},"content":{"rendered":"<p>El secretario municipal de Turismo y Desarrollo Productivo, Mat\u00edas Sierra, habl\u00f3 sobre las expectativas que genera este fin de semana largo entre los prestadores privados y las acciones que se impulsan desde la comuna para invitar a los vecinos de los distritos m\u00e1s pr\u00f3ximos a descansar en nuestras playas.<\/p>\n<p>Aunque sin las estad\u00edsticas de reservas relevadas, el funcionario asegur\u00f3 que \u201cel tema de la ocupaci\u00f3n viene bien, todav\u00eda no tenemos los porcentajes, pero venimos bien del pasado fin de semana y calculo que este no va a ser la excepci\u00f3n\u201d, porque \u201cse espera que alrededor de 4 millones de personas se movilicen en el pa\u00eds\u201d.<\/p>\n<p>En cuanto a las tareas de promoci\u00f3n, \u201chace cuesti\u00f3n de 20 o 30 d\u00edas venimos haciendo una inversi\u00f3n grande en todo lo que es redes sociales en 450 kil\u00f3metros a la redonda, donde viven 2 millones de personas, que es lo que estamos tratando de captar para el fin de semana\u201d, revel\u00f3 el integrante del Ejecutivo local.<\/p>\n<p>Cambiando de tema y meti\u00e9ndose de lleno en las tem\u00e1ticas que aborda la otra pata de la Secretar\u00eda que le toca dirigir, la que apunta al desarrollo de la producci\u00f3n, y en ese sentido se refiri\u00f3 a la feria \u201cEl Mercado\u201d, cuya puesta en funcionamiento fue postergada por razones clim\u00e1ticas, una propuesta que surge de la uni\u00f3n los programas \u201cEl Mercado en tu Barrio\u201d y \u201cMercados Bonaerenses\u201d.<\/p>\n<p>Al respecto, diferenci\u00f3 que el objetivo de unir estas dos variantes surge de sus similitudes, aunque la primera \u201cse concentra un poco m\u00e1s en todo lo que tenga que ver con comercios\u201d, y la otra \u201cen emprendedores y peque\u00f1as unidades de producci\u00f3n\u201d.<\/p>\n<p>Para terminar la entrevista con Jorge G\u00f3mez, conductor del ciclo radial, el Secretario habl\u00f3 de otros dos temas en los que se viene trabajando fuerte desde su dependencia. Por un lado, el inminente comienzo del curso gratuito para emprendedores \u201cCreando tu negocio\u201d, un ciclo que \u201cpudimos meter dentro del presupuesto municipal y que se va a estar desarrollando a lo largo de todo el a\u00f1o, con distintas tem\u00e1ticas, tal como lo hicimos el a\u00f1o pasado con muy buena repercusi\u00f3n\u201d.<\/p>\n<p>Por el otro, la convocatoria a los productores ap\u00edcolas del distrito para que se sumen a una base de datos que se origina desde el \u00e1rea y que tiene como objetivo final nuclearlos para conocer sus necesidades y llegar con un documento conjunto al Concejo Deliberante buscando tratar la problem\u00e1tica de la falta de zonificaci\u00f3n para las plantas de extracci\u00f3n, seg\u00fan detall\u00f3 el funcionario.<\/p>\n","protected":false},"excerpt":{"rendered":"<p>El secretario municipal de Turismo y Desarrollo Productivo, Mat\u00edas Sierra, habl\u00f3 sobre las expectativas que genera este fin de semana largo entre los prestadores privados y las acciones que se impulsan desde la comuna para invitar a los vecinos de los distritos m\u00e1s pr\u00f3ximos a descansar en nuestras playas. Aunque sin las estad\u00edsticas de reservas [&hellip;]<\/p>\n","protected":false},"author":3,"featured_media":90841,"comment_status":"closed","ping_status":"closed","sticky":false,"template":"","format":"standard","meta":{"footnotes":""},"categories":[3],"tags":[],"class_list":["post-90840","post","type-post","status-publish","format-standard","has-post-thumbnail","category-masnoticias"],"_links":{"self":[{"href":"https:\/\/primicias2262.com\/noticias\/wp-json\/wp\/v2\/posts\/90840","targetHints":{"allow":["GET"]}}],"collection":[{"href":"https:\/\/primicias2262.com\/noticias\/wp-json\/wp\/v2\/posts"}],"about":[{"href":"https:\/\/primicias2262.com\/noticias\/wp-json\/wp\/v2\/types\/post"}],"author":[{"embeddable":true,"href":"https:\/\/primicias2262.com\/noticias\/wp-json\/wp\/v2\/users\/3"}],"replies":[{"embeddable":true,"href":"https:\/\/primicias2262.com\/noticias\/wp-json\/wp\/v2\/comments?post=90840"}],"version-history":[{"count":0,"href":"https:\/\/primicias2262.com\/noticias\/wp-json\/wp\/v2\/posts\/90840\/revisions"}],"wp:attachment":[{"href":"https:\/\/primicias2262.com\/noticias\/wp-json\/wp\/v2\/media?parent=90840"}],"wp:term":[{"taxonomy":"category","embeddable":true,"href":"https:\/\/primicias2262.com\/noticias\/wp-json\/wp\/v2\/categories?post=90840"},{"taxonomy":"post_tag","embeddable":true,"href":"https:\/\/primicias2262.com\/noticias\/wp-json\/wp\/v2\/tags?post=90840"}],"curies":[{"name":"wp","href":"https:\/\/api.w.org\/{rel}","templated":true}]}}