{"id":90970,"date":"2022-06-22T13:20:18","date_gmt":"2022-06-22T16:20:18","guid":{"rendered":"https:\/\/primicias2262.com\/?p=90970"},"modified":"2022-06-22T13:20:18","modified_gmt":"2022-06-22T16:20:18","slug":"los-dichos-de-cristina-traslucen-su-falta-de-comprension-de-la-economia-popular","status":"publish","type":"post","link":"https:\/\/primicias2262.com\/noticias\/los-dichos-de-cristina-traslucen-su-falta-de-comprension-de-la-economia-popular\/","title":{"rendered":"\u201cLos dichos de Cristina traslucen su falta de comprensi\u00f3n de la econom\u00eda popular\u201d"},"content":{"rendered":"<p>As\u00ed lo afirm\u00f3 en Voces de la Ciudad el referente del Movimiento Evita en Necochea, Luciano Lescano, acerca de los dichos de la vicepresidenta de la Naci\u00f3n, Cristina Fern\u00e1ndez de Kirchner en la CTA de Avellaneda el \u00faltimo lunes.<\/p>\n<p>Durante su aguda cr\u00edtica al presidente Alberto Fern\u00e1ndez y algunos de sus funcionarios en BCRA, AFIP y el Ministerio de Producci\u00f3n, Cristina Kirchner critic\u00f3 la distribuci\u00f3n y la \u00abtercerizaci\u00f3n de las pol\u00edticas sociales\u00bb, e inst\u00f3 al Estado a \u00abrecuperar ese rol para transparentar\u00bb la gesti\u00f3n y asignaci\u00f3n de planes. En ese sentido, le &#8216;peg\u00f3&#8217; a los dirigentes barriales por su control clientelar de los planes sociales.<\/p>\n<p>En ese marco, y al ser consultado en una nota por el periodista Jorge G\u00f3mez, Lescano se\u00f1al\u00f3 en principio que \u201cal ser una coalici\u00f3n de gobierno, todos tenemos diferentes opiniones y visiones, pero en este sentido tengo una opini\u00f3n totalmente diferente a la de Cristina respecto a los movimientos sociales, porque si existe la pobreza en Argentina no es justamente por los movimientos sociales, sino por los pol\u00edticos tradicionales que han ocupado espacios de poder y no han podido superar las desigualdades del pueblo\u201d.<\/p>\n<p>\u201cNosotros hemos sido parte del gobierno de CFK y somos parte del actual gobierno de coalici\u00f3n, pero para nada coincido con las palabras que plante\u00f3 la Vicepresidenta, porque trasluce su falta de comprensi\u00f3n de lo que nosotros denominamos como econom\u00eda popular\u201d, acot\u00f3 el referente local.<\/p>\n<p>M\u00e1s tarde, Lescano fue subiendo la intensidad de la cr\u00edtica a la expresidenta. Referenci\u00f3 primeramente que \u201cen el mundo actual, en esta econom\u00eda de descarte como dice el Papa Francisco, cada vez habr\u00e1 menos empleo, es una farsa decir que se puede llegar al pleno empleo en la situaci\u00f3n en que se encuentra Argentina, donde no se generan fuentes de trabajo en el sector privado desde 2011&#8243;.<\/p>\n<p>\u00abSon problemas estructurales que no se han solucionado, y son los movimientos sociales y los sectores de la econom\u00eda popular los que hemos generado una alternativa al trabajo formal, con el trabajo colectivo, solidario y cooperativo de un mont\u00f3n de compa\u00f1eras que revuelven la olla pero que adem\u00e1s realizan tareas de cuidado, de cultura y deportes, pintan escuelas, trabajan en unidades productivas\u201d, puntualiz\u00f3.<\/p>\n<p>De todas formas, si bien calific\u00f3 la cr\u00edtica de Cristina como algo \u201cmuy injusto\u201d, Lescano se\u00f1al\u00f3 que esto \u201ctiene que ver con la interna del gobierno y con la afrenta y el debilitamiento del presidente de la Naci\u00f3n, Alberto Fern\u00e1ndez, que hoy tiene como principal apoyo al Movimiento Evita como organizaci\u00f3n social, no somos ingenuos en las consideraciones de la vicepresidenta\u201d.<\/p>\n<p>Ante ello, Lescano argument\u00f3 que \u201chay que apuntar a generar empleo, porque mientras no se genera empleo los movimientos sociales hoy generan trabajo genuino a trav\u00e9s de los programas sociales, a los cuales los estamos transformando en trabajo, es mentira que los planes sociales no se transforman en trabajo; CFK tendr\u00eda que recorrer las unidades barriales y productivas, a ver si eso no es trabajo\u201d.<\/p>\n<p>Finalmente, afirm\u00f3 que \u201cobviamente no estamos de acuerdo con el programa de planes sociales, porque as\u00ed no vamos a solucionar la Argentina, sino con trabajo, y si el peronismo es trabajo, negarle entidad a la econom\u00eda popular siendo vicepresidenta de la Naci\u00f3n nos apena y nos entristece\u201d, pero asegur\u00f3 que \u201cvamos a seguir luchando por mayores derechos para los compa\u00f1eros que est\u00e1n trabajando, porque nuestra idea es transformar el plan social en trabajo, y quienes se est\u00e1n ocupando hoy son los movimientos sociales, mal que le pese a los pol\u00edticos tradicionales del pa\u00eds\u201d.<\/p>\n","protected":false},"excerpt":{"rendered":"<p>As\u00ed lo afirm\u00f3 en Voces de la Ciudad el referente del Movimiento Evita en Necochea, Luciano Lescano, acerca de los dichos de la vicepresidenta de la Naci\u00f3n, Cristina Fern\u00e1ndez de Kirchner en la CTA de Avellaneda el \u00faltimo lunes. Durante su aguda cr\u00edtica al presidente Alberto Fern\u00e1ndez y algunos de sus funcionarios en BCRA, AFIP [&hellip;]<\/p>\n","protected":false},"author":3,"featured_media":90971,"comment_status":"closed","ping_status":"closed","sticky":false,"template":"","format":"standard","meta":{"footnotes":""},"categories":[3],"tags":[],"class_list":["post-90970","post","type-post","status-publish","format-standard","has-post-thumbnail","category-masnoticias"],"_links":{"self":[{"href":"https:\/\/primicias2262.com\/noticias\/wp-json\/wp\/v2\/posts\/90970","targetHints":{"allow":["GET"]}}],"collection":[{"href":"https:\/\/primicias2262.com\/noticias\/wp-json\/wp\/v2\/posts"}],"about":[{"href":"https:\/\/primicias2262.com\/noticias\/wp-json\/wp\/v2\/types\/post"}],"author":[{"embeddable":true,"href":"https:\/\/primicias2262.com\/noticias\/wp-json\/wp\/v2\/users\/3"}],"replies":[{"embeddable":true,"href":"https:\/\/primicias2262.com\/noticias\/wp-json\/wp\/v2\/comments?post=90970"}],"version-history":[{"count":0,"href":"https:\/\/primicias2262.com\/noticias\/wp-json\/wp\/v2\/posts\/90970\/revisions"}],"wp:attachment":[{"href":"https:\/\/primicias2262.com\/noticias\/wp-json\/wp\/v2\/media?parent=90970"}],"wp:term":[{"taxonomy":"category","embeddable":true,"href":"https:\/\/primicias2262.com\/noticias\/wp-json\/wp\/v2\/categories?post=90970"},{"taxonomy":"post_tag","embeddable":true,"href":"https:\/\/primicias2262.com\/noticias\/wp-json\/wp\/v2\/tags?post=90970"}],"curies":[{"name":"wp","href":"https:\/\/api.w.org\/{rel}","templated":true}]}}