{"id":91076,"date":"2022-06-26T15:06:18","date_gmt":"2022-06-26T18:06:18","guid":{"rendered":"https:\/\/primicias2262.com\/?p=91076"},"modified":"2022-06-26T15:06:18","modified_gmt":"2022-06-26T18:06:18","slug":"sanchez-jauregui-el-partido-fe-crece-y-se-afirma-en-la-quinta-seccion","status":"publish","type":"post","link":"https:\/\/primicias2262.com\/noticias\/sanchez-jauregui-el-partido-fe-crece-y-se-afirma-en-la-quinta-seccion\/","title":{"rendered":"S\u00e1nchez J\u00e1uregui: \u00abEl Partido Fe crece y se afirma en la Quinta Secci\u00f3n\u00bb"},"content":{"rendered":"<p><strong>En el plenario seccional realizado en el Centro Vasco de Chascom\u00fas, se relanz\u00f3 el Partido a nivel local, con Mart\u00edn Larralde como referente.<\/strong><\/p>\n<p>La Mesa Directiva Partidaria en pleno, con su presidente Cecilio Salazar, su Secretaria General Adjunta, Natalia S\u00e1nchez J\u00e1uregui y su Secretario de Acci\u00f3n Pol\u00edtica, Jorge Ferreyra; recibieron a los referentes de todos los distritos de la Quinta Secci\u00f3n, juntamente con Mart\u00edn Larralde, en su car\u00e1cter de anfitri\u00f3n y con Roberto Salvarezza, quien realiza la coordinaci\u00f3n pol\u00edtica seccional.<\/p>\n<p>Particip\u00f3 asimismo del plenario, el diputado Jos\u00e9 \u00abCote\u00bb Rossi, por el Frente de Todos (FDT), quien resalt\u00f3 el trabajo del Partido FE en la Secci\u00f3n, as\u00ed como tambi\u00e9n todos los esfuerzos que realizan Cecilio Salazar, en San Pedro y toda la Segunda Secci\u00f3n y Natalia S\u00e1nchez J\u00e1uregui, en la C\u00e1mara de Diputados de la Provincia.<\/p>\n<p>Precisamente, fue Salazar quien hizo una s\u00edntesis de las \u00faltimas batallas judiciales ganadas a los falsos Interventores y apoderados que intentaron poner de rodillas al Partido Fe, sin resultado alguno.<\/p>\n<p>En este sentido, S\u00e1nchez Jauregui resalt\u00f3 que \u201choy el Partido Fe est\u00e1 m\u00e1s firme y convencido que nunca, para militar y trabajar por la unidad peronista y contribuir a una victoria del Frente de Todos en los comicios del a\u00f1o pr\u00f3ximo\u201d.<\/p>\n<p>Para ello, Salazar y S\u00e1nchez J\u00e1uregui coincidieron en la importancia de iniciar una campa\u00f1a de afiliaciones, con trabajo casa por casa y reuniones peri\u00f3dicas en todos los distritos de la Quinta Secci\u00f3n.<\/p>\n<p>Asimismo, la diputada provincial apoy\u00f3 las declaraciones del presidente del Partido Fe de la provincia de Buenos Aires, sobre la \u201cimportancia de intensificar la tarea de acercarse para estar presentes en el territorio, relevando y respondiendo a las necesidades que presentan las vecinas y vecinos de cada distrito\u201d.<\/p>\n<p>Fue entonces cuando todos los presentes en el Plenario recordaron al fundador del Partido Fe, Ger\u00f3nimo \u00abMomo\u00bb Venegas, atento al cumplirse este domingo 5 a\u00f1os de su desaparici\u00f3n f\u00edsica.<\/p>\n<p>En tanto, en declaraciones a la prensa, Natalia S\u00e1nchez J\u00e1uregui destac\u00f3 la importancia de plantear proyectos que beneficien a los vecinos de la Secci\u00f3n, poniendo como ejemplo el suyo de utilizaci\u00f3n con miras al bien com\u00fan, de los beneficios de la explotaci\u00f3n de un elevador de granos, hoy en manos de verdaderos \u201cpulpos privados, que han inclusive judicializado el pago del canon que corresponder\u00eda, logrando as\u00ed pagar mucho menos y perjudicar al fisco mediante artilugios legales\u201d.<\/p>\n","protected":false},"excerpt":{"rendered":"<p>En el plenario seccional realizado en el Centro Vasco de Chascom\u00fas, se relanz\u00f3 el Partido a nivel local, con Mart\u00edn Larralde como referente. La Mesa Directiva Partidaria en pleno, con su presidente Cecilio Salazar, su Secretaria General Adjunta, Natalia S\u00e1nchez J\u00e1uregui y su Secretario de Acci\u00f3n Pol\u00edtica, Jorge Ferreyra; recibieron a los referentes de todos [&hellip;]<\/p>\n","protected":false},"author":3,"featured_media":91077,"comment_status":"closed","ping_status":"closed","sticky":false,"template":"","format":"standard","meta":{"footnotes":""},"categories":[3],"tags":[],"class_list":["post-91076","post","type-post","status-publish","format-standard","has-post-thumbnail","category-masnoticias"],"_links":{"self":[{"href":"https:\/\/primicias2262.com\/noticias\/wp-json\/wp\/v2\/posts\/91076","targetHints":{"allow":["GET"]}}],"collection":[{"href":"https:\/\/primicias2262.com\/noticias\/wp-json\/wp\/v2\/posts"}],"about":[{"href":"https:\/\/primicias2262.com\/noticias\/wp-json\/wp\/v2\/types\/post"}],"author":[{"embeddable":true,"href":"https:\/\/primicias2262.com\/noticias\/wp-json\/wp\/v2\/users\/3"}],"replies":[{"embeddable":true,"href":"https:\/\/primicias2262.com\/noticias\/wp-json\/wp\/v2\/comments?post=91076"}],"version-history":[{"count":0,"href":"https:\/\/primicias2262.com\/noticias\/wp-json\/wp\/v2\/posts\/91076\/revisions"}],"wp:attachment":[{"href":"https:\/\/primicias2262.com\/noticias\/wp-json\/wp\/v2\/media?parent=91076"}],"wp:term":[{"taxonomy":"category","embeddable":true,"href":"https:\/\/primicias2262.com\/noticias\/wp-json\/wp\/v2\/categories?post=91076"},{"taxonomy":"post_tag","embeddable":true,"href":"https:\/\/primicias2262.com\/noticias\/wp-json\/wp\/v2\/tags?post=91076"}],"curies":[{"name":"wp","href":"https:\/\/api.w.org\/{rel}","templated":true}]}}