{"id":91079,"date":"2022-06-26T15:11:50","date_gmt":"2022-06-26T18:11:50","guid":{"rendered":"https:\/\/primicias2262.com\/?p=91079"},"modified":"2022-06-26T15:11:50","modified_gmt":"2022-06-26T18:11:50","slug":"cabreton-opino-que-la-ucr-esta-dilapidando-la-oportunidad-de-conducir-juntos","status":"publish","type":"post","link":"https:\/\/primicias2262.com\/noticias\/cabreton-opino-que-la-ucr-esta-dilapidando-la-oportunidad-de-conducir-juntos\/","title":{"rendered":"Cabret\u00f3n opin\u00f3 que la UCR \u201cest\u00e1 dilapidando\u201d la oportunidad de conducir Juntos"},"content":{"rendered":"<p>Al responder a las acusaciones del presidente de la fuerza a nivel local, Alberto Esnaola, la dirigente y concejala remarc\u00f3 que \u201clo \u00fanico que se est\u00e1 generando es que quienes tenemos la vocaci\u00f3n de construir la unidad estemos buscando otros espacios donde debatir y discutir en serio el proyecto pol\u00edtico que la ciudad necesita\u201d.<\/p>\n<p>Durante una entrevista en el programa Voces de la Ciudad, que se emite en FM Vinilo 103.5 MHz, la concejala Felicitas Cabret\u00f3n respondi\u00f3 a las cr\u00edticas efectuadas por el presidente de la Uni\u00f3n C\u00edvica Radical a nivel local, Alberto Esnaola, quien hab\u00eda dudado del trabajo de control ejercido por el bloque representativo que integr\u00f3 en los primeros dos a\u00f1os de gesti\u00f3n del intendente Arturo Rojas, cuando era presidido por Graciana Maizzani, y poniendo de manifiesto una interna que parece nunca terminar.<\/p>\n<p>\u201cEl bloque lo compusimos dos mujeres desde 2019 hasta ahora, cuando se renov\u00f3 la composici\u00f3n. Y, claramente, marcamos la agenda de la oposici\u00f3n en el Concejo Deliberante y fuimos fuertemente cuestionadoras y manifestamos con argumentos y sustentos el por qu\u00e9 no acompa\u00f1\u00e1bamos, en su momento, la venta del Casino, algunas concesiones de la playa y el parque\u00bb.<\/p>\n<p>\u00abFuimos muy elocuentes en cuanto al programa de asistencia que cre\u00edamos hab\u00eda que otorgarse a las actividades que hab\u00edan dejado de trabajar en la pandemia, tuvimos un posicionamiento claro con el transporte p\u00fablico, con el alumbrado, con la emergencia administrativa planteada por Rojas apenas asumi\u00f3\u201d, argument\u00f3 la edil.<\/p>\n<p>Planteado este contexto, asegur\u00f3 que, \u201cclaramente, el bloque que conduc\u00eda Graciana Maizzani dej\u00f3 la marca de la oposici\u00f3n en esos dos a\u00f1os\u201d, pero \u201ctambi\u00e9n marcamos agenda en temas como h\u00e1bitat y vivienda, una comisi\u00f3n que no exist\u00eda en el Concejo Deliberante y que impuls\u00e9 acompa\u00f1ada por la presidenta de bloque, haciendo un trabajo minucioso durante esos dos a\u00f1os para que el tema hoy est\u00e9 en agenda\u201d.<\/p>\n<p>Visiblemente enojada con las declaraciones del ex concejal, Cabret\u00f3n manifest\u00f3 que \u201clas apreciaciones personales que hace el presidente lo \u00fanico que muestran es la calidad del debate pol\u00edtico que se est\u00e1 teniendo puertas adentro y una vez m\u00e1s, manifest\u00e1ndose contra los radicales que somos del mismo partido sobre una interna que pas\u00f3, priva de estar construyendo un proyecto y una alternativa para la ciudad que, quienes son de Juntos, est\u00e1n esperando\u201d.<\/p>\n<p>La concejala en funciones, horas antes de dejar inaugurado el espacio de mujeres \u201cElvira Rawson\u201d, que abri\u00f3 sus puertas en la tarde de este viernes, sentenci\u00f3 que \u201cla posibilidad que ten\u00eda el radicalismo local de conducir ese proceso que tanto ansi\u00f3 y tanto pregon\u00f3, con estas actitudes se est\u00e1 dilapidando\u201d.<\/p>\n<p>Y le sum\u00f3 un pronunciamiento no menos contundente: \u201cRealmente es una pena\u201d, porque \u201clo \u00fanico que se est\u00e1 generando de esta manera es que quienes tenemos la vocaci\u00f3n de construir la unidad estemos buscando otros espacios donde debatir y discutir en serio el proyecto pol\u00edtico que la ciudad necesita\u201d.<\/p>\n","protected":false},"excerpt":{"rendered":"<p>Al responder a las acusaciones del presidente de la fuerza a nivel local, Alberto Esnaola, la dirigente y concejala remarc\u00f3 que \u201clo \u00fanico que se est\u00e1 generando es que quienes tenemos la vocaci\u00f3n de construir la unidad estemos buscando otros espacios donde debatir y discutir en serio el proyecto pol\u00edtico que la ciudad necesita\u201d. Durante [&hellip;]<\/p>\n","protected":false},"author":3,"featured_media":91080,"comment_status":"closed","ping_status":"closed","sticky":false,"template":"","format":"standard","meta":{"footnotes":""},"categories":[3],"tags":[],"class_list":["post-91079","post","type-post","status-publish","format-standard","has-post-thumbnail","category-masnoticias"],"_links":{"self":[{"href":"https:\/\/primicias2262.com\/noticias\/wp-json\/wp\/v2\/posts\/91079","targetHints":{"allow":["GET"]}}],"collection":[{"href":"https:\/\/primicias2262.com\/noticias\/wp-json\/wp\/v2\/posts"}],"about":[{"href":"https:\/\/primicias2262.com\/noticias\/wp-json\/wp\/v2\/types\/post"}],"author":[{"embeddable":true,"href":"https:\/\/primicias2262.com\/noticias\/wp-json\/wp\/v2\/users\/3"}],"replies":[{"embeddable":true,"href":"https:\/\/primicias2262.com\/noticias\/wp-json\/wp\/v2\/comments?post=91079"}],"version-history":[{"count":0,"href":"https:\/\/primicias2262.com\/noticias\/wp-json\/wp\/v2\/posts\/91079\/revisions"}],"wp:attachment":[{"href":"https:\/\/primicias2262.com\/noticias\/wp-json\/wp\/v2\/media?parent=91079"}],"wp:term":[{"taxonomy":"category","embeddable":true,"href":"https:\/\/primicias2262.com\/noticias\/wp-json\/wp\/v2\/categories?post=91079"},{"taxonomy":"post_tag","embeddable":true,"href":"https:\/\/primicias2262.com\/noticias\/wp-json\/wp\/v2\/tags?post=91079"}],"curies":[{"name":"wp","href":"https:\/\/api.w.org\/{rel}","templated":true}]}}