{"id":91098,"date":"2022-06-26T18:16:09","date_gmt":"2022-06-26T21:16:09","guid":{"rendered":"https:\/\/primicias2262.com\/?p=91098"},"modified":"2022-06-26T18:16:09","modified_gmt":"2022-06-26T21:16:09","slug":"la-super-expo-de-autos-y-motos-cumplio-con-creces-sus-fines-solidarios","status":"publish","type":"post","link":"https:\/\/primicias2262.com\/noticias\/la-super-expo-de-autos-y-motos-cumplio-con-creces-sus-fines-solidarios\/","title":{"rendered":"La \u00abS\u00faper Expo de Autos y Motos\u00bb cumpli\u00f3 con creces sus fines solidarios"},"content":{"rendered":"<p>Pese al fr\u00edo reinante durante toda la jornada, la gente de Necochea y la zona le dio su espaldarazo a la segunda edici\u00f3n de la \u00abS\u00faper Expo de Autos y Motos\u00bb, que se desarroll\u00f3 en la plaza Dardo Rocha con fines solidarios para con los m\u00e1s necesitados.<\/p>\n<p>Cientos de personas se arrimaron hasta la rotonda de avenida 59 y 58 para observar los veh\u00edculos en exhibici\u00f3n, pero tambi\u00e9n para entregar alimentos no perecederos y ropas de abrigo.<\/p>\n<p><a href=\"https:\/\/primicias2262.com\/wp-content\/uploads\/2022\/06\/WhatsApp-Image-2022-06-26-at-6.00.15-PM.jpeg\"><img loading=\"lazy\" decoding=\"async\" class=\"aligncenter size-full wp-image-91100\" src=\"https:\/\/primicias2262.com\/wp-content\/uploads\/2022\/06\/WhatsApp-Image-2022-06-26-at-6.00.15-PM.jpeg\" alt=\"\" width=\"1280\" height=\"622\" \/><\/a><\/p>\n<p>\u00abEstoy muy feliz porque lleg\u00f3 mucha gente de Balcarce, Lober\u00eda, Coronel Pringles, Mar del Plata, Necochea y de otras localidades de la zona y a pesar del intenso fr\u00edo pudimos juntar numerosas donaciones para los que m\u00e1s nos necesitan\u00bb, sostuvo Marcos Fern\u00e1ndez, uno de los organizadores del evento junto al periodista Ian Larsen y a la fot\u00f3grafa Estefan\u00eda Dray.<\/p>\n<p>En di\u00e1logo con Primicias 2262, Fern\u00e1ndez agradeci\u00f3 la colaboraci\u00f3n de la Direcci\u00f3n de Cultura, como as\u00ed tambi\u00e9n a los sonidistas y a los artistas que pasaron por el escenario para ponerle color a la fr\u00eda tarde del domingo.<\/p>\n<p><a href=\"https:\/\/primicias2262.com\/wp-content\/uploads\/2022\/06\/WhatsApp-Image-2022-06-26-at-6.08.44-PM.jpeg\"><img loading=\"lazy\" decoding=\"async\" class=\"aligncenter size-full wp-image-91099\" src=\"https:\/\/primicias2262.com\/wp-content\/uploads\/2022\/06\/WhatsApp-Image-2022-06-26-at-6.08.44-PM.jpeg\" alt=\"\" width=\"1280\" height=\"856\" \/><\/a><\/p>\n<p><strong>FOTOS: Estefan\u00eda Dray<\/strong><\/p>\n","protected":false},"excerpt":{"rendered":"<p>Pese al fr\u00edo reinante durante toda la jornada, la gente de Necochea y la zona le dio su espaldarazo a la segunda edici\u00f3n de la \u00abS\u00faper Expo de Autos y Motos\u00bb, que se desarroll\u00f3 en la plaza Dardo Rocha con fines solidarios para con los m\u00e1s necesitados. Cientos de personas se arrimaron hasta la rotonda [&hellip;]<\/p>\n","protected":false},"author":3,"featured_media":91101,"comment_status":"closed","ping_status":"closed","sticky":false,"template":"","format":"standard","meta":{"footnotes":""},"categories":[3],"tags":[],"class_list":["post-91098","post","type-post","status-publish","format-standard","has-post-thumbnail","category-masnoticias"],"_links":{"self":[{"href":"https:\/\/primicias2262.com\/noticias\/wp-json\/wp\/v2\/posts\/91098","targetHints":{"allow":["GET"]}}],"collection":[{"href":"https:\/\/primicias2262.com\/noticias\/wp-json\/wp\/v2\/posts"}],"about":[{"href":"https:\/\/primicias2262.com\/noticias\/wp-json\/wp\/v2\/types\/post"}],"author":[{"embeddable":true,"href":"https:\/\/primicias2262.com\/noticias\/wp-json\/wp\/v2\/users\/3"}],"replies":[{"embeddable":true,"href":"https:\/\/primicias2262.com\/noticias\/wp-json\/wp\/v2\/comments?post=91098"}],"version-history":[{"count":0,"href":"https:\/\/primicias2262.com\/noticias\/wp-json\/wp\/v2\/posts\/91098\/revisions"}],"wp:attachment":[{"href":"https:\/\/primicias2262.com\/noticias\/wp-json\/wp\/v2\/media?parent=91098"}],"wp:term":[{"taxonomy":"category","embeddable":true,"href":"https:\/\/primicias2262.com\/noticias\/wp-json\/wp\/v2\/categories?post=91098"},{"taxonomy":"post_tag","embeddable":true,"href":"https:\/\/primicias2262.com\/noticias\/wp-json\/wp\/v2\/tags?post=91098"}],"curies":[{"name":"wp","href":"https:\/\/api.w.org\/{rel}","templated":true}]}}