{"id":91113,"date":"2022-06-27T10:50:26","date_gmt":"2022-06-27T13:50:26","guid":{"rendered":"https:\/\/primicias2262.com\/?p=91113"},"modified":"2022-06-27T10:50:26","modified_gmt":"2022-06-27T13:50:26","slug":"huracan-y-villa-diaz-velez-representaron-a-la-ciudad-en-una-nueva-fecha-de-patin-artistico","status":"publish","type":"post","link":"https:\/\/primicias2262.com\/noticias\/huracan-y-villa-diaz-velez-representaron-a-la-ciudad-en-una-nueva-fecha-de-patin-artistico\/","title":{"rendered":"Hurac\u00e1n y Villa D\u00edaz V\u00e9lez representaron a la ciudad en una nueva fecha de pat\u00edn art\u00edstico"},"content":{"rendered":"<p><strong>Con el gimnasio \u00abManuel Veramendi\u00bb del Club Atl\u00e9tico Mar del Plata como habitual lugar de encuentro, se desarroll\u00f3 la 3era fecha del Torneo Interclubes organizado por la Asociaci\u00f3n Marplatense de Pat\u00edn, donde estuvieron presentes un muy buen n\u00famero de patinadoras de Necochea, en representaci\u00f3n de los clubes Hurac\u00e1n y Villa D\u00edaz V\u00e9lez.<\/strong><\/p>\n<p>En lo que respecta al art\u00edstico de Hurac\u00e1n, las dirigidas por la t\u00e9cnica Florencia Mart\u00edn expusieron nuevamente notables performances y a continuaci\u00f3n se detalla la posici\u00f3n de cada patinadora.<\/p>\n<p><strong>Formativa<\/strong><\/p>\n<p>-10 a\u00f1os Franchesca Vi\u00f1uela 2da<\/p>\n<p>-12 a\u00f1os Brisa Gigena 1era<\/p>\n<p>&#8211; 13 a\u00f1os Jazm\u00edn Buchi 3era<\/p>\n<p>-13 a\u00f1os Carola Crecenti 5ta<\/p>\n<p><strong>C Quinta<\/strong><\/p>\n<p>-11 a\u00f1os Pia Zabaleta 2da<\/p>\n<p>-12 a\u00f1os Sof\u00eda Cejas 2da<\/p>\n<p>-13 a\u00f1os Victoria Ramos 5ta<\/p>\n<p><strong>C Cuarta<\/strong><\/p>\n<p>-10 a\u00f1os Eliana Otero 1era<\/p>\n<p>-15 a\u00f1os Florencia Araujo 1era<\/p>\n<p>-14 a\u00f1os<\/p>\n<p>-Zafiro Acu\u00f1a Enciso 3era<\/p>\n<p>-Naiquen Russo 4ta<\/p>\n<p>-Zoe Moreno 2da<\/p>\n<p><strong>C Tercera<\/strong><\/p>\n<p>13 a\u00f1os<\/p>\n<p>-Martina Iphar Garc\u00eda 1era<\/p>\n<p>-Tatiana Rautto 2da<\/p>\n<p>-15 a\u00f1os Victoria L\u00f3pez\u00a0 Denegri 1era<\/p>\n<p>-Mayores Zoe Alberca 3era<\/p>\n<p><strong>C Segunda<\/strong><\/p>\n<p>-15 a\u00f1os Luana Magno Camacho 1era<\/p>\n<p><strong>-Mayores<\/strong> Candela Cajaravilla 2da<\/p>\n<p>Vale destacar que la cita fue evaluativa para el torneo regional selectivo de cara a las copas nacionales Roberto Rodr\u00edguez y Gonz\u00e1lez Molina, a realizarse el s\u00e1bado 9 de julio tambi\u00e9n en Mar del Plata. En tanto, las copas ser\u00e1n en la provincia de La Rioja en septiembre, en este caso la Rodr\u00edguez, mientras que en octubre ser\u00e1 la Gonz\u00e1lez Molina en Rosario, provincia de Santa Fe.<\/p>\n\n<p>Para tal caso, las chicas del Globito que fueron evaluadas son Agustina Rodr\u00edguez, Candela Cajaravilla, Zoe Alberca, Luana Magno Camacho, Tatiana Rautto, Martina Iphar Garc\u00eda, Naiquen Russo, Eliana Otero, P\u00eda Zabaleta y Sof\u00eda Cejas.<\/p>\n<p>Por su parte, el equipo de Skating Queens de Villa D\u00edaz V\u00e9lez, dirigido por la t\u00e9cnica nacional Romina Donad\u00edo Calvo, se present\u00f3 en esta oportunidad con 25 chicas, algunas de las cuales hac\u00edan su primera incursi\u00f3n en competencia, con muy buenos\u00a0 resultados, mientras que el resto del plantel que lleva disputando varios torneos han demostrado c\u00f3mo avanzan permanentemente en su aprendizaje.<\/p>\n<p>En esta oportunidad se presentaron las siguientes patinadoras por Villa D\u00edaz V\u00e9lez:<\/p>\n<p>Alarc\u00f3n\u00a0 Valentina<\/p>\n<p>\u00c1lvarez Jensen Yamila<\/p>\n<p>Alfaro\u00a0 Martina<\/p>\n<p>Angelillo\u00a0 Luc\u00eda<\/p>\n<p>Auer Alma<\/p>\n<p>Castro Candela<\/p>\n<p>Cepeda Rosario<\/p>\n<p>Cruces Sof\u00eda<\/p>\n<p>Cuello Guillermina<\/p>\n<p>Decunto Martina<\/p>\n<p>Defferrari\u00a0 Luisina<\/p>\n<p>Fanuele Juana<\/p>\n<p>Fern\u00e1ndez Almazan Agustina<\/p>\n<p>Garc\u00eda Brenda<\/p>\n<p>Gonz\u00e1lez Nerea Agostina<\/p>\n<p>Iglesias Sof\u00eda<\/p>\n<p>Irigoyen\u00a0 Padr\u00f3n\u00a0 Valentina<\/p>\n<p>Lacoste\u00a0 Soplie<\/p>\n<p>Leguizam\u00f3n\u00a0 Moras\u00a0 Felicitas<\/p>\n<p>Mar\u00edngolo\u00a0 Pilar<\/p>\n<p>Olivera Valentina<\/p>\n<p>Ranalli Delfina<\/p>\n<p>Ranalli Quimey<\/p>\n<p>Sotelo\u00a0 Lourdes<\/p>\n<p>Zega\u00a0 Eugenia<\/p>\n","protected":false},"excerpt":{"rendered":"<p>Con el gimnasio \u00abManuel Veramendi\u00bb del Club Atl\u00e9tico Mar del Plata como habitual lugar de encuentro, se desarroll\u00f3 la 3era fecha del Torneo Interclubes organizado por la Asociaci\u00f3n Marplatense de Pat\u00edn, donde estuvieron presentes un muy buen n\u00famero de patinadoras de Necochea, en representaci\u00f3n de los clubes Hurac\u00e1n y Villa D\u00edaz V\u00e9lez. En lo que [&hellip;]<\/p>\n","protected":false},"author":3,"featured_media":91119,"comment_status":"closed","ping_status":"closed","sticky":false,"template":"","format":"standard","meta":{"footnotes":""},"categories":[3],"tags":[],"class_list":["post-91113","post","type-post","status-publish","format-standard","has-post-thumbnail","category-masnoticias"],"_links":{"self":[{"href":"https:\/\/primicias2262.com\/noticias\/wp-json\/wp\/v2\/posts\/91113","targetHints":{"allow":["GET"]}}],"collection":[{"href":"https:\/\/primicias2262.com\/noticias\/wp-json\/wp\/v2\/posts"}],"about":[{"href":"https:\/\/primicias2262.com\/noticias\/wp-json\/wp\/v2\/types\/post"}],"author":[{"embeddable":true,"href":"https:\/\/primicias2262.com\/noticias\/wp-json\/wp\/v2\/users\/3"}],"replies":[{"embeddable":true,"href":"https:\/\/primicias2262.com\/noticias\/wp-json\/wp\/v2\/comments?post=91113"}],"version-history":[{"count":0,"href":"https:\/\/primicias2262.com\/noticias\/wp-json\/wp\/v2\/posts\/91113\/revisions"}],"wp:attachment":[{"href":"https:\/\/primicias2262.com\/noticias\/wp-json\/wp\/v2\/media?parent=91113"}],"wp:term":[{"taxonomy":"category","embeddable":true,"href":"https:\/\/primicias2262.com\/noticias\/wp-json\/wp\/v2\/categories?post=91113"},{"taxonomy":"post_tag","embeddable":true,"href":"https:\/\/primicias2262.com\/noticias\/wp-json\/wp\/v2\/tags?post=91113"}],"curies":[{"name":"wp","href":"https:\/\/api.w.org\/{rel}","templated":true}]}}