{"id":91117,"date":"2022-06-27T10:53:54","date_gmt":"2022-06-27T13:53:54","guid":{"rendered":"https:\/\/primicias2262.com\/?p=91117"},"modified":"2022-06-27T10:53:54","modified_gmt":"2022-06-27T13:53:54","slug":"abrieron-la-inscripcion-al-curso-de-comercializacion-y-marketing","status":"publish","type":"post","link":"https:\/\/primicias2262.com\/noticias\/abrieron-la-inscripcion-al-curso-de-comercializacion-y-marketing\/","title":{"rendered":"Abrieron la inscripci\u00f3n al curso de Comercializaci\u00f3n y Marketing"},"content":{"rendered":"<p><strong>La sede en Quequ\u00e9n de la UNICEN informa que se encuentra abierta la inscripci\u00f3n al Curso Universitario de Comercializaci\u00f3n y Marketing, a dictarse a partir del mes de agosto hasta diciembre con encuentros presenciales cada 15 d\u00edas.<\/strong><\/p>\n<p><strong>El objetivo del curso es que los alumnos logren:<\/strong><\/p>\n<ul>\n<li>Reconocer a la log\u00edstica como factor diferencial en el servicio al cliente<\/li>\n<li>El manejo b\u00e1sico de costos vinculados al proceso de comercializaci\u00f3n, marketing, distribuci\u00f3n.<\/li>\n<li>Realizar un trabajo de reconocimiento y elecci\u00f3n del mercado objetivo.<\/li>\n<li>Desarrollar una estrategia de comercializaci\u00f3n.<\/li>\n<li>Desarrollar habilidades de negociaci\u00f3n.<\/li>\n<li>Dise\u00f1ar una estrategia de posicionamiento en redes sociales y web.<\/li>\n<\/ul>\n<p>Para m\u00e1s informaci\u00f3n ingresar a:<\/p>\n<p><a href=\"https:\/\/www.quequen.unicen.edu.ar\/?p=7598\" data-saferedirecturl=\"https:\/\/www.google.com\/url?q=https:\/\/www.quequen.unicen.edu.ar\/?p%3D7598&amp;source=gmail&amp;ust=1656423606395000&amp;usg=AOvVaw0nHpA4LTGpj2Xe8PmutkTI\">https:\/\/www.quequen.unicen.edu.ar\/?p=7598<\/a><\/p>\n","protected":false},"excerpt":{"rendered":"<p>La sede en Quequ\u00e9n de la UNICEN informa que se encuentra abierta la inscripci\u00f3n al Curso Universitario de Comercializaci\u00f3n y Marketing, a dictarse a partir del mes de agosto hasta diciembre con encuentros presenciales cada 15 d\u00edas. El objetivo del curso es que los alumnos logren: Reconocer a la log\u00edstica como factor diferencial en el [&hellip;]<\/p>\n","protected":false},"author":3,"featured_media":80738,"comment_status":"closed","ping_status":"closed","sticky":false,"template":"","format":"standard","meta":{"footnotes":""},"categories":[3],"tags":[],"class_list":["post-91117","post","type-post","status-publish","format-standard","has-post-thumbnail","category-masnoticias"],"_links":{"self":[{"href":"https:\/\/primicias2262.com\/noticias\/wp-json\/wp\/v2\/posts\/91117","targetHints":{"allow":["GET"]}}],"collection":[{"href":"https:\/\/primicias2262.com\/noticias\/wp-json\/wp\/v2\/posts"}],"about":[{"href":"https:\/\/primicias2262.com\/noticias\/wp-json\/wp\/v2\/types\/post"}],"author":[{"embeddable":true,"href":"https:\/\/primicias2262.com\/noticias\/wp-json\/wp\/v2\/users\/3"}],"replies":[{"embeddable":true,"href":"https:\/\/primicias2262.com\/noticias\/wp-json\/wp\/v2\/comments?post=91117"}],"version-history":[{"count":0,"href":"https:\/\/primicias2262.com\/noticias\/wp-json\/wp\/v2\/posts\/91117\/revisions"}],"wp:attachment":[{"href":"https:\/\/primicias2262.com\/noticias\/wp-json\/wp\/v2\/media?parent=91117"}],"wp:term":[{"taxonomy":"category","embeddable":true,"href":"https:\/\/primicias2262.com\/noticias\/wp-json\/wp\/v2\/categories?post=91117"},{"taxonomy":"post_tag","embeddable":true,"href":"https:\/\/primicias2262.com\/noticias\/wp-json\/wp\/v2\/tags?post=91117"}],"curies":[{"name":"wp","href":"https:\/\/api.w.org\/{rel}","templated":true}]}}