{"id":91139,"date":"2022-06-27T15:43:07","date_gmt":"2022-06-27T18:43:07","guid":{"rendered":"https:\/\/primicias2262.com\/?p=91139"},"modified":"2022-06-27T15:43:07","modified_gmt":"2022-06-27T18:43:07","slug":"la-gente-se-acerco-a-pesar-del-frio-y-las-donaciones-superaron-nuestras-expectativas","status":"publish","type":"post","link":"https:\/\/primicias2262.com\/noticias\/la-gente-se-acerco-a-pesar-del-frio-y-las-donaciones-superaron-nuestras-expectativas\/","title":{"rendered":"\u201cLa gente se acerc\u00f3 a pesar del fr\u00edo y las donaciones superaron nuestras expectativas\u201d"},"content":{"rendered":"<p>As\u00ed lo asegur\u00f3 Marcos Fern\u00e1ndez, uno de los organizadores junto a Ian Larsen y Estefan\u00eda Dray de la 2\u00ba S\u00faper Expo de Autos y Motos que se llev\u00f3 a cabo el \u00faltimo domingo en la Plaza Dardo Rocha con fines solidarios.<\/p>\n<p><a href=\"https:\/\/primicias2262.com\/wp-content\/uploads\/2022\/06\/WhatsApp-Image-2022-06-23-at-1.52.26-PM.jpeg\"><img loading=\"lazy\" decoding=\"async\" class=\"alignright size-medium wp-image-91140\" src=\"https:\/\/primicias2262.com\/wp-content\/uploads\/2022\/06\/WhatsApp-Image-2022-06-23-at-1.52.26-PM-300x169.jpeg\" alt=\"\" width=\"300\" height=\"169\" \/><\/a>Durante la consulta telef\u00f3nica realizada por el periodista Jorge G\u00f3mez en la ma\u00f1ana de \u201cVoces de la Ciudad\u201d, Fern\u00e1ndez resalt\u00f3 a modo de balance que \u201cestamos eternamente agradecidos, porque si bien fue una jornada de mucho fr\u00edo, la gente se acerc\u00f3 igual y los autos llegaron desde Balcarce, Mar del Plata y Coronel Pringles, adem\u00e1s de la gente que vino en motos\u201d.<\/p>\n<p>En t\u00e9rminos de solidaridad, sintetiz\u00f3 el referente comunitario que \u201cfue una jornada maravillosa, logramos juntar muchas cosas entre mercader\u00eda y ropa, y la pasamos muy lindo\u201d. De hecho, \u201cla cantidad de donaciones super\u00f3 nuestras expectativas, y ya este martes vamos a estar separando y acomodando para empezar a repartirlo a la gente que lo necesita\u201d, a\u00f1adi\u00f3.<\/p>\n<p>Vale destacar que en simult\u00e1neo a la exposici\u00f3n de veh\u00edculos en la plaza, tambi\u00e9n hubo n\u00fameros art\u00edsticos, acerca de lo que Fern\u00e1ndez asever\u00f3 que \u201cquiero agradecer a Juan Gamba y a todo el equipo de Cultura, si no era por la ayuda de ellos no hubi\u00e9ramos podido realizar el evento por los costos que tiene, y en ese marco agradecer tambi\u00e9n al grupo Ballet Folcl\u00f3rico A\u00f1oranza, a Ariel Laje, Roc\u00edo Llanos, Franco Laterza y a todos los que estuvieron presentes, porque han hecho un esfuerzo impresionante\u201d.<\/p>\n<p><strong>FOTO DE PORTADA: Estefan\u00eda Dray<\/strong><\/p>\n","protected":false},"excerpt":{"rendered":"<p>As\u00ed lo asegur\u00f3 Marcos Fern\u00e1ndez, uno de los organizadores junto a Ian Larsen y Estefan\u00eda Dray de la 2\u00ba S\u00faper Expo de Autos y Motos que se llev\u00f3 a cabo el \u00faltimo domingo en la Plaza Dardo Rocha con fines solidarios. Durante la consulta telef\u00f3nica realizada por el periodista Jorge G\u00f3mez en la ma\u00f1ana de [&hellip;]<\/p>\n","protected":false},"author":3,"featured_media":91141,"comment_status":"closed","ping_status":"closed","sticky":false,"template":"","format":"standard","meta":{"footnotes":""},"categories":[3],"tags":[],"class_list":["post-91139","post","type-post","status-publish","format-standard","has-post-thumbnail","category-masnoticias"],"_links":{"self":[{"href":"https:\/\/primicias2262.com\/noticias\/wp-json\/wp\/v2\/posts\/91139","targetHints":{"allow":["GET"]}}],"collection":[{"href":"https:\/\/primicias2262.com\/noticias\/wp-json\/wp\/v2\/posts"}],"about":[{"href":"https:\/\/primicias2262.com\/noticias\/wp-json\/wp\/v2\/types\/post"}],"author":[{"embeddable":true,"href":"https:\/\/primicias2262.com\/noticias\/wp-json\/wp\/v2\/users\/3"}],"replies":[{"embeddable":true,"href":"https:\/\/primicias2262.com\/noticias\/wp-json\/wp\/v2\/comments?post=91139"}],"version-history":[{"count":0,"href":"https:\/\/primicias2262.com\/noticias\/wp-json\/wp\/v2\/posts\/91139\/revisions"}],"wp:attachment":[{"href":"https:\/\/primicias2262.com\/noticias\/wp-json\/wp\/v2\/media?parent=91139"}],"wp:term":[{"taxonomy":"category","embeddable":true,"href":"https:\/\/primicias2262.com\/noticias\/wp-json\/wp\/v2\/categories?post=91139"},{"taxonomy":"post_tag","embeddable":true,"href":"https:\/\/primicias2262.com\/noticias\/wp-json\/wp\/v2\/tags?post=91139"}],"curies":[{"name":"wp","href":"https:\/\/api.w.org\/{rel}","templated":true}]}}