{"id":91166,"date":"2022-06-28T14:02:12","date_gmt":"2022-06-28T17:02:12","guid":{"rendered":"https:\/\/primicias2262.com\/?p=91166"},"modified":"2022-06-28T14:02:12","modified_gmt":"2022-06-28T17:02:12","slug":"rojas-recibio-a-comerciantes-para-hablar-sobre-seguridad","status":"publish","type":"post","link":"https:\/\/primicias2262.com\/noticias\/rojas-recibio-a-comerciantes-para-hablar-sobre-seguridad\/","title":{"rendered":"Rojas recibi\u00f3 a comerciantes para hablar sobre seguridad"},"content":{"rendered":"<p><strong>Ante los hechos que son de p\u00fablico conocimiento, el intendente Arturo Rojas recibi\u00f3 en su despacho a comerciantes autoconvocados que se acercaron a tratar la problem\u00e1tica y a solicitar mayor seguridad.<\/strong><\/p>\n<p>Luego del encuentro, la secretaria de Gobierno, Gabriela G\u00f3ngora, explic\u00f3 que \u201ces importante escucharlos y la realidad es que siempre estamos en contacto con ellos\u201d para recordar que \u201cde hecho, la semana pasada y a pedido nuestro, convocamos y nos juntamos con la C\u00e1mara Comercial.<\/p>\n<p>En definitiva, la funcionaria resalt\u00f3 que el sector \u201csabe que no desconocemos la situaci\u00f3n\u201d y que \u201cnos estamos ocupando\u201d m\u00e1s all\u00e1 de que \u201cbrindar seguridad es responsabilidad de Provincia\u201d.<\/p>\n<p>No obstante, expres\u00f3 que \u201cinvertimos mucho desde el Estado municipal para la prevenci\u00f3n del delito y para la resoluci\u00f3n de los casos porque creemos que en conjunto es como se debe trabajar\u201d.<\/p>\n<p>En cuanto a las herramientas que se disponen desde la gesti\u00f3n para paliar la problem\u00e1tica, G\u00f3ngora puntualiz\u00f3 que \u201cles ofrecimos el bot\u00f3n antip\u00e1nico para cada comercio y empresa que tenga instalada la aplicaci\u00f3n del Ministerio de Seguridad, donde se pueden hacer denuncias y llamados directos al 911 y la capacitaci\u00f3n para que tengan conexi\u00f3n directa con la Sala de Monitoreo\u201d.<\/p>\n<p>En otro orden, y dando m\u00e1s muestras de que desde el municipio hay voluntad al respecto, la funcionaria admiti\u00f3 que \u201cya hicimos un relevamiento de los 17 m\u00f3viles policiales da\u00f1ados y empezamos con el tr\u00e1mite para arreglarlos que es a los que nos comprometimos con el ministro Sergio Berni, para que luego nos mande los 10 m\u00f3viles 0 km que anunci\u00f3 cuando estuvo en Necochea\u201d al tiempo en el que \u201cavanzamos con la obra de caballer\u00eda para que se instale definitivamente\u201d.<\/p>\n<p>\u201cSon medidas a largo plazo pero mientras tanto ofrecemos lo que les dec\u00eda anteriormente, adem\u00e1s de los contactos que continuamente tenemos con la Jefatura Departamental y la Justicia, a quien le daremos, en el marco de esta inversi\u00f3n, dos scanner para la Fiscal\u00eda\u201d culmin\u00f3 quien acompa\u00f1\u00f3 a Rojas en la reuni\u00f3n junto al concejal Jorge Mart\u00ednez.<\/p>\n","protected":false},"excerpt":{"rendered":"<p>Ante los hechos que son de p\u00fablico conocimiento, el intendente Arturo Rojas recibi\u00f3 en su despacho a comerciantes autoconvocados que se acercaron a tratar la problem\u00e1tica y a solicitar mayor seguridad. Luego del encuentro, la secretaria de Gobierno, Gabriela G\u00f3ngora, explic\u00f3 que \u201ces importante escucharlos y la realidad es que siempre estamos en contacto con [&hellip;]<\/p>\n","protected":false},"author":3,"featured_media":91169,"comment_status":"closed","ping_status":"closed","sticky":false,"template":"","format":"standard","meta":{"footnotes":""},"categories":[3],"tags":[],"class_list":["post-91166","post","type-post","status-publish","format-standard","has-post-thumbnail","category-masnoticias"],"_links":{"self":[{"href":"https:\/\/primicias2262.com\/noticias\/wp-json\/wp\/v2\/posts\/91166","targetHints":{"allow":["GET"]}}],"collection":[{"href":"https:\/\/primicias2262.com\/noticias\/wp-json\/wp\/v2\/posts"}],"about":[{"href":"https:\/\/primicias2262.com\/noticias\/wp-json\/wp\/v2\/types\/post"}],"author":[{"embeddable":true,"href":"https:\/\/primicias2262.com\/noticias\/wp-json\/wp\/v2\/users\/3"}],"replies":[{"embeddable":true,"href":"https:\/\/primicias2262.com\/noticias\/wp-json\/wp\/v2\/comments?post=91166"}],"version-history":[{"count":0,"href":"https:\/\/primicias2262.com\/noticias\/wp-json\/wp\/v2\/posts\/91166\/revisions"}],"wp:attachment":[{"href":"https:\/\/primicias2262.com\/noticias\/wp-json\/wp\/v2\/media?parent=91166"}],"wp:term":[{"taxonomy":"category","embeddable":true,"href":"https:\/\/primicias2262.com\/noticias\/wp-json\/wp\/v2\/categories?post=91166"},{"taxonomy":"post_tag","embeddable":true,"href":"https:\/\/primicias2262.com\/noticias\/wp-json\/wp\/v2\/tags?post=91166"}],"curies":[{"name":"wp","href":"https:\/\/api.w.org\/{rel}","templated":true}]}}