{"id":91172,"date":"2022-06-28T17:06:41","date_gmt":"2022-06-28T20:06:41","guid":{"rendered":"https:\/\/primicias2262.com\/?p=91172"},"modified":"2022-06-28T17:06:41","modified_gmt":"2022-06-28T20:06:41","slug":"transportistas-reclaman-por-la-actualizacion-tarifaria-en-circunvalacion-y-la-ruta-227","status":"publish","type":"post","link":"https:\/\/primicias2262.com\/noticias\/transportistas-reclaman-por-la-actualizacion-tarifaria-en-circunvalacion-y-la-ruta-227\/","title":{"rendered":"Transportistas reclaman por la actualizaci\u00f3n tarifaria en Circunvalaci\u00f3n y la Ruta 227"},"content":{"rendered":"<p>\u201cSi no trabajamos no llevamos el plato de comida a la casa\u201d, asegur\u00f3 Walter Valentini, uno de los voceros de la protesta. Piden un aumento del 30% m\u00e1s una cl\u00e1usula gatillo que automatice la actualizaci\u00f3n en caso de una suba en el precio del combustible. El Ministerio de Transporte recibe ma\u00f1ana a las c\u00e1maras.<\/p>\n<p>Un grupo numeroso de transportistas autoconvocados se encuentra realizando una protesta en la rotonda que une a la Ruta Provincial N\u00ba 227 y la Avenida Circunvalaci\u00f3n, a metros de la f\u00e1brica Renova (ex Cargill), reclamando por el precio y el desabastecimiento de combustible, por un lado, y la actualizaci\u00f3n de las tarifas, como punto central de la movilizaci\u00f3n.<\/p>\n<p>Al respecto, Walter Valentini, uno de los voceros de la manifestaci\u00f3n, detall\u00f3 en una entrevista cedida al periodista Jorge G\u00f3mez, conductor de Voces de la Ciudad, que \u201clo que estamos pidiendo es, m\u00ednimo, un aumento del 30% de la tarifa, m\u00e1s una cl\u00e1usula gatillo para no estar cada tres o cuatro meses pidiendo siempre lo mismo, que disponga que si aumenta el combustible autom\u00e1ticamente aumente la tarifa\u201d.<\/p>\n<p>Al hacer un repaso sobre las anteriores negociaciones, el referente de los camioneros cuentapropistas record\u00f3 que \u201cel \u00faltimo aumento de tarifas que tuvimos fue de un 18.3%, con un gasoil a 110 pesos. Hoy estamos trabajando con la misma tarifa y un gasoil de 180 a 230 pesos. Apenas estuvo el aumento de la tarifa el gasoil subi\u00f3 el 10% y en tres semanas tuvimos tres aumentos m\u00e1s\u201d.<\/p>\n<p>En cuanto a la apremiante situaci\u00f3n que atraviesan, Valentini asegur\u00f3 que \u201cla tarifa se qued\u00f3 muy atr\u00e1s, las federaciones que supuestamente nos representan no hacen nada, lo \u00fanico que hacen es beneficiarse ellos, y hoy es lamentable la situaci\u00f3n de nosotros: por el costo tarifario, por el precio del gasoil y para seguir manteniendo el transporte\u201d.<\/p>\n<p>Con relaci\u00f3n a este \u00faltimo punto, revel\u00f3 que \u201cel tema de repuestos y cubiertas es una locura. Una cubierta sale entre 220 y 230 mil pesos, y el cami\u00f3n lleva 18. Si ten\u00e9s que poner tres cubiertas es imposible\u201d; explicando tambi\u00e9n que \u201ccuanto m\u00e1s largo es el viaje menos ganancia te queda. Hoy, en un viaje de Tres Arroyos a Necochea, al due\u00f1o del cami\u00f3n le queda, manej\u00e1ndolo uno, un 28 o 30% del valor total que es de entre 48 y 50 mil pesos\u201d, ejemplific\u00f3.<\/p>\n<p>Este mi\u00e9rcoles, el Ministerio de Transporte recibir\u00e1 a las c\u00e1maras de transportistas que no hacen paro para abrir una negociaci\u00f3n por la actualizaci\u00f3n de tarifas de los fletes. A la espera de una respuesta satisfactoria por parte de esa Mesa, el referente local asegur\u00f3 que \u201cestamos con manifestaciones y asambleas permanentes. Lo que estamos pidiendo es lo que est\u00e1 pidiendo el pa\u00eds en cada localidad, y queremos una soluci\u00f3n para poder seguir trabajando, porque si no trabajamos no llevamos el plato de comida a la casa\u201d.<\/p>\n","protected":false},"excerpt":{"rendered":"<p>\u201cSi no trabajamos no llevamos el plato de comida a la casa\u201d, asegur\u00f3 Walter Valentini, uno de los voceros de la protesta. Piden un aumento del 30% m\u00e1s una cl\u00e1usula gatillo que automatice la actualizaci\u00f3n en caso de una suba en el precio del combustible. El Ministerio de Transporte recibe ma\u00f1ana a las c\u00e1maras. Un [&hellip;]<\/p>\n","protected":false},"author":3,"featured_media":91173,"comment_status":"closed","ping_status":"closed","sticky":false,"template":"","format":"standard","meta":{"footnotes":""},"categories":[3],"tags":[],"class_list":["post-91172","post","type-post","status-publish","format-standard","has-post-thumbnail","category-masnoticias"],"_links":{"self":[{"href":"https:\/\/primicias2262.com\/noticias\/wp-json\/wp\/v2\/posts\/91172","targetHints":{"allow":["GET"]}}],"collection":[{"href":"https:\/\/primicias2262.com\/noticias\/wp-json\/wp\/v2\/posts"}],"about":[{"href":"https:\/\/primicias2262.com\/noticias\/wp-json\/wp\/v2\/types\/post"}],"author":[{"embeddable":true,"href":"https:\/\/primicias2262.com\/noticias\/wp-json\/wp\/v2\/users\/3"}],"replies":[{"embeddable":true,"href":"https:\/\/primicias2262.com\/noticias\/wp-json\/wp\/v2\/comments?post=91172"}],"version-history":[{"count":0,"href":"https:\/\/primicias2262.com\/noticias\/wp-json\/wp\/v2\/posts\/91172\/revisions"}],"wp:attachment":[{"href":"https:\/\/primicias2262.com\/noticias\/wp-json\/wp\/v2\/media?parent=91172"}],"wp:term":[{"taxonomy":"category","embeddable":true,"href":"https:\/\/primicias2262.com\/noticias\/wp-json\/wp\/v2\/categories?post=91172"},{"taxonomy":"post_tag","embeddable":true,"href":"https:\/\/primicias2262.com\/noticias\/wp-json\/wp\/v2\/tags?post=91172"}],"curies":[{"name":"wp","href":"https:\/\/api.w.org\/{rel}","templated":true}]}}