{"id":91187,"date":"2022-06-29T13:53:09","date_gmt":"2022-06-29T16:53:09","guid":{"rendered":"https:\/\/primicias2262.com\/?p=91187"},"modified":"2022-06-29T13:53:09","modified_gmt":"2022-06-29T16:53:09","slug":"se-viene-el-recambio-de-luminarias-en-9-plazas-locales-y-en-la-terminal-de-omnibus","status":"publish","type":"post","link":"https:\/\/primicias2262.com\/noticias\/se-viene-el-recambio-de-luminarias-en-9-plazas-locales-y-en-la-terminal-de-omnibus\/","title":{"rendered":"Se viene el recambio de luminarias en 9 plazas locales y en la Terminal de Omnibus"},"content":{"rendered":"<p><strong><a href=\"https:\/\/primicias2262.com\/wp-content\/uploads\/2021\/08\/Gomez.jpg\"><img loading=\"lazy\" decoding=\"async\" class=\"alignleft size-medium wp-image-80409\" src=\"https:\/\/primicias2262.com\/wp-content\/uploads\/2021\/08\/Gomez-269x300.jpg\" alt=\"\" width=\"269\" height=\"300\" \/><\/a>Por Jorge G\u00f3mez<\/strong><\/p>\n<p>Con una inversi\u00f3n superior a los 4.300.000 pesos la Municipalidad de Necochea tiene abierta la licitaci\u00f3n privada N\u00ba 31 del corriente a\u00f1o -ver facs\u00edmil adjunto- para el futuro desarrollo de la obra denominada \u00abRecambio de artefactos de alumbrado en plazas de Necochea, Quequ\u00e9n y recambio de artefactos de alumbrado p\u00fablico en Terminal de \u00d3mnibus de Necochea\u00bb.<\/p>\n<p>Se prev\u00e9 que se dispondr\u00e1n luminarias LED, como viene aconteciendo en los \u00faltimos tiempos en avenidas y calles de nuestras ciudades y localidades del interior.<br \/>\nDe esta manera, se proceder\u00e1 a mejorar la calidad lum\u00ednica de 9 plazas locales como as\u00ed de la citada Terminal, espacio que espera contar con otras novedades en las pr\u00f3ximas semanas, seg\u00fan se pudo conocer.<\/p>\n<p>El acto de apertura de las ofertas de aquellos que eventualmente se presenten ante esta licitaci\u00f3n privada se producir\u00e1 el viernes 15 de julio venidero a las 10 de la ma\u00f1ana en la Secretar\u00eda de Planeamiento, Obras y Servicios P\u00fablicos de la comuna local, con un plazo para la concreci\u00f3n de las tareas previsto en 30 d\u00edas.<\/p>\n<p>Las plazas que tendr\u00e1n nueva iluminaci\u00f3n son Isabel La Cat\u00f3lica, Hip\u00f3lito Yrigoyen, Boy Scouts y las de los barrios Los Tilos III, Los Naranjos, Municipal, 9 de Julio, Campana y Fonavi.<\/p>\n<p>En esos espacios verdes se colocar\u00e1n 72 luminarias leds de 150w., 6 l\u00e1mparas led de 200w., 3 reflectores de 300w., 1 de 400w. y 16 farolas de 80w., seg\u00fan lo indica el presupuesto oficial.<\/p>\n","protected":false},"excerpt":{"rendered":"<p>Por Jorge G\u00f3mez Con una inversi\u00f3n superior a los 4.300.000 pesos la Municipalidad de Necochea tiene abierta la licitaci\u00f3n privada N\u00ba 31 del corriente a\u00f1o -ver facs\u00edmil adjunto- para el futuro desarrollo de la obra denominada \u00abRecambio de artefactos de alumbrado en plazas de Necochea, Quequ\u00e9n y recambio de artefactos de alumbrado p\u00fablico en Terminal [&hellip;]<\/p>\n","protected":false},"author":3,"featured_media":76386,"comment_status":"closed","ping_status":"closed","sticky":false,"template":"","format":"standard","meta":{"footnotes":""},"categories":[3],"tags":[],"class_list":["post-91187","post","type-post","status-publish","format-standard","has-post-thumbnail","category-masnoticias"],"_links":{"self":[{"href":"https:\/\/primicias2262.com\/noticias\/wp-json\/wp\/v2\/posts\/91187","targetHints":{"allow":["GET"]}}],"collection":[{"href":"https:\/\/primicias2262.com\/noticias\/wp-json\/wp\/v2\/posts"}],"about":[{"href":"https:\/\/primicias2262.com\/noticias\/wp-json\/wp\/v2\/types\/post"}],"author":[{"embeddable":true,"href":"https:\/\/primicias2262.com\/noticias\/wp-json\/wp\/v2\/users\/3"}],"replies":[{"embeddable":true,"href":"https:\/\/primicias2262.com\/noticias\/wp-json\/wp\/v2\/comments?post=91187"}],"version-history":[{"count":0,"href":"https:\/\/primicias2262.com\/noticias\/wp-json\/wp\/v2\/posts\/91187\/revisions"}],"wp:attachment":[{"href":"https:\/\/primicias2262.com\/noticias\/wp-json\/wp\/v2\/media?parent=91187"}],"wp:term":[{"taxonomy":"category","embeddable":true,"href":"https:\/\/primicias2262.com\/noticias\/wp-json\/wp\/v2\/categories?post=91187"},{"taxonomy":"post_tag","embeddable":true,"href":"https:\/\/primicias2262.com\/noticias\/wp-json\/wp\/v2\/tags?post=91187"}],"curies":[{"name":"wp","href":"https:\/\/api.w.org\/{rel}","templated":true}]}}