{"id":91189,"date":"2022-06-29T13:58:05","date_gmt":"2022-06-29T16:58:05","guid":{"rendered":"https:\/\/primicias2262.com\/?p=91189"},"modified":"2022-06-29T13:58:05","modified_gmt":"2022-06-29T16:58:05","slug":"martin-migueles-escalo-el-mont-blanc-el-pico-mas-alto-de-los-alpes-europeos","status":"publish","type":"post","link":"https:\/\/primicias2262.com\/noticias\/martin-migueles-escalo-el-mont-blanc-el-pico-mas-alto-de-los-alpes-europeos\/","title":{"rendered":"Mart\u00edn Migueles escal\u00f3 el Mont Blanc, el pico m\u00e1s alto de los Alpes europeos"},"content":{"rendered":"<p>El abogado necochense, quien es un aficionado del alpinismo, se encuentra en Francia, donde atendi\u00f3 el llamado de \u201cVoces de la Ciudad\u201d desde un tren para relatar al periodista Jorge G\u00f3mez y la audiencia su adrenal\u00ednica experiencia.<\/p>\n<p>\u201cSiempre llevo la bandera de \u2018Necochea la mejor playa argentina\u2019, que es lo primero que despliego cuando hago una cumbre, porque amo a mi ciudad, es maravillosa\u201d, se\u00f1al\u00f3 emocionado Migueles, tras lo cual relat\u00f3 que \u201csub\u00ed a la monta\u00f1a m\u00e1s alta de Los Alpes, que durante mucho tiempo fue considerada la m\u00e1s alta de Europa: se llama Mont Blanc y est\u00e1 en Francia en el l\u00edmite con Italia y Suiza, toda una zona que se llama la Saboya donde est\u00e1n los Alpes m\u00e1s altos de la regi\u00f3n\u201d.<\/p>\n<p>El lugar \u201ces la cuna del monta\u00f1ismo\u201d defini\u00f3 entusiasmado el necochense, acotando a forma de analog\u00eda que \u201ces un objetivo mundial, ac\u00e1 nacieron los grandes escaladores, es como jugar en Wimbledon para un tenista\u201d.<\/p>\n<p>Destac\u00f3 al mismo tiempo que \u201cfue una experiencia hermosa, hicimos una monta\u00f1a de 3810 metros de escalada, y 4800 metros en total de altura, o sea que fueron dos d\u00edas de 12 o 14 horas de esfuerzo con cuerdas, como en las pel\u00edculas, haciendo ese tipo de alpinismo que se ve en televisi\u00f3n\u201d.<\/p>\n<p>Migueles estuvo acompa\u00f1ado en la experiencia por Pablo Pilotta, \u201cque es el gu\u00eda con el que hago todas las monta\u00f1as en Argentina y el exterior\u201d, se\u00f1al\u00f3, y por el tandilense Pablo Reguera, \u201cque es un n\u00famero 1 del mundo y trabaja ac\u00e1\u201d, acot\u00f3, para destacar en el cierre que \u201cMario Mellano es mi entrenador en Necochea y le agradezco mucho por su m\u00e9todo y disciplina para poder lograr los objetivos\u201d.<\/p>\n","protected":false},"excerpt":{"rendered":"<p>El abogado necochense, quien es un aficionado del alpinismo, se encuentra en Francia, donde atendi\u00f3 el llamado de \u201cVoces de la Ciudad\u201d desde un tren para relatar al periodista Jorge G\u00f3mez y la audiencia su adrenal\u00ednica experiencia. \u201cSiempre llevo la bandera de \u2018Necochea la mejor playa argentina\u2019, que es lo primero que despliego cuando hago [&hellip;]<\/p>\n","protected":false},"author":3,"featured_media":91190,"comment_status":"closed","ping_status":"closed","sticky":false,"template":"","format":"standard","meta":{"footnotes":""},"categories":[3],"tags":[],"class_list":["post-91189","post","type-post","status-publish","format-standard","has-post-thumbnail","category-masnoticias"],"_links":{"self":[{"href":"https:\/\/primicias2262.com\/noticias\/wp-json\/wp\/v2\/posts\/91189","targetHints":{"allow":["GET"]}}],"collection":[{"href":"https:\/\/primicias2262.com\/noticias\/wp-json\/wp\/v2\/posts"}],"about":[{"href":"https:\/\/primicias2262.com\/noticias\/wp-json\/wp\/v2\/types\/post"}],"author":[{"embeddable":true,"href":"https:\/\/primicias2262.com\/noticias\/wp-json\/wp\/v2\/users\/3"}],"replies":[{"embeddable":true,"href":"https:\/\/primicias2262.com\/noticias\/wp-json\/wp\/v2\/comments?post=91189"}],"version-history":[{"count":0,"href":"https:\/\/primicias2262.com\/noticias\/wp-json\/wp\/v2\/posts\/91189\/revisions"}],"wp:attachment":[{"href":"https:\/\/primicias2262.com\/noticias\/wp-json\/wp\/v2\/media?parent=91189"}],"wp:term":[{"taxonomy":"category","embeddable":true,"href":"https:\/\/primicias2262.com\/noticias\/wp-json\/wp\/v2\/categories?post=91189"},{"taxonomy":"post_tag","embeddable":true,"href":"https:\/\/primicias2262.com\/noticias\/wp-json\/wp\/v2\/tags?post=91189"}],"curies":[{"name":"wp","href":"https:\/\/api.w.org\/{rel}","templated":true}]}}