{"id":91192,"date":"2022-06-29T14:35:47","date_gmt":"2022-06-29T17:35:47","guid":{"rendered":"https:\/\/primicias2262.com\/?p=91192"},"modified":"2022-06-29T14:35:47","modified_gmt":"2022-06-29T17:35:47","slug":"el-rotary-club-necochea-cumplio-80-anos-y-fernando-milesi-es-su-nuevo-presidente","status":"publish","type":"post","link":"https:\/\/primicias2262.com\/noticias\/el-rotary-club-necochea-cumplio-80-anos-y-fernando-milesi-es-su-nuevo-presidente\/","title":{"rendered":"El Rotary Club Necochea cumpli\u00f3 80 a\u00f1os y Fernando Milesi es su nuevo presidente"},"content":{"rendered":"<p>El pasado 20 de junio se conmemor\u00f3 el 80\u00ba aniversario de la instituci\u00f3n rotaria local, y lo celebraron con un recambio de autoridades que signific\u00f3 el nombramiento de Milesi en sucesi\u00f3n de Francisco Alonso.<\/p>\n<p>En el aire de \u201cVoces de la Ciudad\u201d, al ser consultado por el periodista Jorge G\u00f3mez, Milesi cont\u00f3 que \u201cel club se fund\u00f3 en 1942 en Necochea, es un club de servicio de \u00edndole internacional, representado en m\u00e1s de 200 pa\u00edses y con m\u00e1s de un mill\u00f3n de afiliados en el mundo, y b\u00e1sicamente se dedica al servicio\u201d.<\/p>\n<p>Acto seguido, record\u00f3 que \u201cRotary lleg\u00f3 a tener cinco clubes en Necochea y hoy quedamos nosotros solos, y en este caso hubo recambio de autoridades, me toca reemplazar a Francisco Alonso\u201d, para se\u00f1alar que en la comisi\u00f3n directiva \u201cme acompa\u00f1an como secretario Patricio S\u00e1nchez, tesorero Nicol\u00e1s Caputo, macero Jorge Ignacio y como vicepresidente Jorge Balinotti\u201d.<\/p>\n<p>En cuanto a la instituci\u00f3n en s\u00ed, asever\u00f3 que \u201chace 80 a\u00f1os que nos juntamos todos los mi\u00e9rcoles a la noche una fracci\u00f3n interna de los socios para dise\u00f1ar y delinear la acci\u00f3n de servicio la sociedad y el plan a llevar a cabo durante el a\u00f1o\u201d.<\/p>\n<p>Agreg\u00f3 que \u201clo m\u00edo como primera medida ser\u00e1 fomentar el desarrollo personal de cada socio y que eso implique aumentar la capacidad para servir a los dem\u00e1s; como as\u00ed estimular la parte interna del club y traer nuevos socios, ya que hay varios exrotarios dando vueltas; y b\u00e1sicamente ver la parte social, que es lo que nos preocupa mucho en cuanto a las cosas cotidiana de la ciudad\u201d.<\/p>\n<p>Por \u00faltimo, aclar\u00f3 que \u201cel club b\u00e1sicamente no saca fondos propios (si hay que hacerlo lo hace), pero lo que hace es ser un buen gestor entre la pol\u00edtica que se necesita para el bien com\u00fan y aquel que tiene el dinero para aportarlo, pasando por el club, que le da una transparencia que est\u00e1 respaldada en tantos a\u00f1os y en la calidad de sus socios\u201d.<\/p>\n","protected":false},"excerpt":{"rendered":"<p>El pasado 20 de junio se conmemor\u00f3 el 80\u00ba aniversario de la instituci\u00f3n rotaria local, y lo celebraron con un recambio de autoridades que signific\u00f3 el nombramiento de Milesi en sucesi\u00f3n de Francisco Alonso. En el aire de \u201cVoces de la Ciudad\u201d, al ser consultado por el periodista Jorge G\u00f3mez, Milesi cont\u00f3 que \u201cel club [&hellip;]<\/p>\n","protected":false},"author":3,"featured_media":91193,"comment_status":"closed","ping_status":"closed","sticky":false,"template":"","format":"standard","meta":{"footnotes":""},"categories":[3],"tags":[],"class_list":["post-91192","post","type-post","status-publish","format-standard","has-post-thumbnail","category-masnoticias"],"_links":{"self":[{"href":"https:\/\/primicias2262.com\/noticias\/wp-json\/wp\/v2\/posts\/91192","targetHints":{"allow":["GET"]}}],"collection":[{"href":"https:\/\/primicias2262.com\/noticias\/wp-json\/wp\/v2\/posts"}],"about":[{"href":"https:\/\/primicias2262.com\/noticias\/wp-json\/wp\/v2\/types\/post"}],"author":[{"embeddable":true,"href":"https:\/\/primicias2262.com\/noticias\/wp-json\/wp\/v2\/users\/3"}],"replies":[{"embeddable":true,"href":"https:\/\/primicias2262.com\/noticias\/wp-json\/wp\/v2\/comments?post=91192"}],"version-history":[{"count":0,"href":"https:\/\/primicias2262.com\/noticias\/wp-json\/wp\/v2\/posts\/91192\/revisions"}],"wp:attachment":[{"href":"https:\/\/primicias2262.com\/noticias\/wp-json\/wp\/v2\/media?parent=91192"}],"wp:term":[{"taxonomy":"category","embeddable":true,"href":"https:\/\/primicias2262.com\/noticias\/wp-json\/wp\/v2\/categories?post=91192"},{"taxonomy":"post_tag","embeddable":true,"href":"https:\/\/primicias2262.com\/noticias\/wp-json\/wp\/v2\/tags?post=91192"}],"curies":[{"name":"wp","href":"https:\/\/api.w.org\/{rel}","templated":true}]}}