{"id":91195,"date":"2022-06-29T14:41:29","date_gmt":"2022-06-29T17:41:29","guid":{"rendered":"https:\/\/primicias2262.com\/?p=91195"},"modified":"2022-06-29T14:41:29","modified_gmt":"2022-06-29T17:41:29","slug":"suspenden-por-3-dias-la-venta-de-energia-para-los-medidores-prepagos","status":"publish","type":"post","link":"https:\/\/primicias2262.com\/noticias\/suspenden-por-3-dias-la-venta-de-energia-para-los-medidores-prepagos\/","title":{"rendered":"Suspenden por 3 d\u00edas la venta de energ\u00eda para los medidores prepagos"},"content":{"rendered":"<p>La Usina Popular Cooperativa informa que los d\u00edas 1, 2 y 3 de julio no se podr\u00e1n realizar compras de energ\u00eda el\u00e9ctrica para los medidores prepagos en ninguno de los lugares habilitados para tal fin.<\/p>\n<p>En ese sentido, desde la instituci\u00f3n se inidic\u00f3 que se est\u00e1n realizando cambios en el sistema para mejorar el servicio.<\/p>\n<p>&nbsp;<\/p>\n<p>&nbsp;<\/p>\n<p>&nbsp;<\/p>\n","protected":false},"excerpt":{"rendered":"<p>La Usina Popular Cooperativa informa que los d\u00edas 1, 2 y 3 de julio no se podr\u00e1n realizar compras de energ\u00eda el\u00e9ctrica para los medidores prepagos en ninguno de los lugares habilitados para tal fin. En ese sentido, desde la instituci\u00f3n se inidic\u00f3 que se est\u00e1n realizando cambios en el sistema para mejorar el servicio. [&hellip;]<\/p>\n","protected":false},"author":3,"featured_media":79508,"comment_status":"closed","ping_status":"closed","sticky":false,"template":"","format":"standard","meta":{"footnotes":""},"categories":[3],"tags":[],"class_list":["post-91195","post","type-post","status-publish","format-standard","has-post-thumbnail","category-masnoticias"],"_links":{"self":[{"href":"https:\/\/primicias2262.com\/noticias\/wp-json\/wp\/v2\/posts\/91195","targetHints":{"allow":["GET"]}}],"collection":[{"href":"https:\/\/primicias2262.com\/noticias\/wp-json\/wp\/v2\/posts"}],"about":[{"href":"https:\/\/primicias2262.com\/noticias\/wp-json\/wp\/v2\/types\/post"}],"author":[{"embeddable":true,"href":"https:\/\/primicias2262.com\/noticias\/wp-json\/wp\/v2\/users\/3"}],"replies":[{"embeddable":true,"href":"https:\/\/primicias2262.com\/noticias\/wp-json\/wp\/v2\/comments?post=91195"}],"version-history":[{"count":0,"href":"https:\/\/primicias2262.com\/noticias\/wp-json\/wp\/v2\/posts\/91195\/revisions"}],"wp:attachment":[{"href":"https:\/\/primicias2262.com\/noticias\/wp-json\/wp\/v2\/media?parent=91195"}],"wp:term":[{"taxonomy":"category","embeddable":true,"href":"https:\/\/primicias2262.com\/noticias\/wp-json\/wp\/v2\/categories?post=91195"},{"taxonomy":"post_tag","embeddable":true,"href":"https:\/\/primicias2262.com\/noticias\/wp-json\/wp\/v2\/tags?post=91195"}],"curies":[{"name":"wp","href":"https:\/\/api.w.org\/{rel}","templated":true}]}}