{"id":91197,"date":"2022-06-29T14:47:15","date_gmt":"2022-06-29T17:47:15","guid":{"rendered":"https:\/\/primicias2262.com\/?p=91197"},"modified":"2022-06-29T14:47:15","modified_gmt":"2022-06-29T17:47:15","slug":"hubo-noche-de-boleros-en-el-centro-cultural","status":"publish","type":"post","link":"https:\/\/primicias2262.com\/noticias\/hubo-noche-de-boleros-en-el-centro-cultural\/","title":{"rendered":"Hubo noche de boleros en el Centro Cultural"},"content":{"rendered":"<p>Leandro \u201cNegro\u201d Fal\u00f3tico, present\u00f3 \u201cBoleros\u201d en el Centro Cultural Necochea Biblioteca Popular Andr\u00e9s Ferreyra (CCN\/BPAF) en el marco del ciclo \u201c100 x 100 Cultura\u201d. \u00abAc\u00e1 las cosas est\u00e1n hechas con afecto y con ganas, y eso es muy gratificante\u00bb, dijo el cantante al agradecer \u00a0su presentaci\u00f3n en el audit\u00f3rium de la instituci\u00f3n.<\/p>\n<p>El recital comenz\u00f3 despu\u00e9s de las 21:00 horas y subi\u00f3 al escenario acompa\u00f1ado por Mat\u00edas Alvarez (piano, arreglos y direcci\u00f3n), Augusto Arga\u00f1araz (bater\u00eda), y Agust\u00edn Marquesano (bajo).<\/p>\n<p>Fal\u00f3tico realiz\u00f3 un recorrido por los cl\u00e1sicos de Chico Navarro, Mario Clavell y un homenaje a Daniel Riolobos que tuvo un merecido aplauso del p\u00fablico. \u00abEsta tarde vi llover\u00bb, \u00abAmnesia\u00bb, \u00abLa media vuelta\u00bb, \u201cUsted es la culpable\u201d, \u201cPor debajo de la mesa\u201d, y \u201cAbr\u00e1zame as\u00ed\u201d fueron s\u00f3lo algunos de los boleros que se escucharon en la noche del s\u00e1bado.<\/p>\n<p>Due\u00f1o de un largo recorrido en el tango, el \u201cNegro\u201d Fal\u00f3tico lanz\u00f3 el a\u00f1o pasado su nuevo disco, \u00abBoleros\u00bb, en el que homenajea al g\u00e9nero con delicadas versiones de cl\u00e1sicos saldando una cuenta que ten\u00eda pendiente hace tiempo con ese estilo musical.<\/p>\n<p>Luego de m\u00e1s de una hora de espect\u00e1culo y antes de despedirse, Fal\u00f3tico agradeci\u00f3 a \u201cla gente del Centro Cultural Necochea, a Alberto Franco (director del CCN\/BPAF) por tratarnos tan bien, por convocarnos, por estar en cada detalle\u201d.<\/p>\n<p>\u201cEn general tenemos al p\u00fablico en frente y es muy bondadoso con uno, pero para que est\u00e9 todo completo, tambi\u00e9n tiene que estar la otra pata atr\u00e1s del escenario donde uno se sienta tan bien tratado como ac\u00e1\u201d, destac\u00f3.<\/p>\n","protected":false},"excerpt":{"rendered":"<p>Leandro \u201cNegro\u201d Fal\u00f3tico, present\u00f3 \u201cBoleros\u201d en el Centro Cultural Necochea Biblioteca Popular Andr\u00e9s Ferreyra (CCN\/BPAF) en el marco del ciclo \u201c100 x 100 Cultura\u201d. \u00abAc\u00e1 las cosas est\u00e1n hechas con afecto y con ganas, y eso es muy gratificante\u00bb, dijo el cantante al agradecer \u00a0su presentaci\u00f3n en el audit\u00f3rium de la instituci\u00f3n. El recital comenz\u00f3 [&hellip;]<\/p>\n","protected":false},"author":3,"featured_media":91198,"comment_status":"closed","ping_status":"closed","sticky":false,"template":"","format":"standard","meta":{"footnotes":""},"categories":[3],"tags":[],"class_list":["post-91197","post","type-post","status-publish","format-standard","has-post-thumbnail","category-masnoticias"],"_links":{"self":[{"href":"https:\/\/primicias2262.com\/noticias\/wp-json\/wp\/v2\/posts\/91197","targetHints":{"allow":["GET"]}}],"collection":[{"href":"https:\/\/primicias2262.com\/noticias\/wp-json\/wp\/v2\/posts"}],"about":[{"href":"https:\/\/primicias2262.com\/noticias\/wp-json\/wp\/v2\/types\/post"}],"author":[{"embeddable":true,"href":"https:\/\/primicias2262.com\/noticias\/wp-json\/wp\/v2\/users\/3"}],"replies":[{"embeddable":true,"href":"https:\/\/primicias2262.com\/noticias\/wp-json\/wp\/v2\/comments?post=91197"}],"version-history":[{"count":0,"href":"https:\/\/primicias2262.com\/noticias\/wp-json\/wp\/v2\/posts\/91197\/revisions"}],"wp:attachment":[{"href":"https:\/\/primicias2262.com\/noticias\/wp-json\/wp\/v2\/media?parent=91197"}],"wp:term":[{"taxonomy":"category","embeddable":true,"href":"https:\/\/primicias2262.com\/noticias\/wp-json\/wp\/v2\/categories?post=91197"},{"taxonomy":"post_tag","embeddable":true,"href":"https:\/\/primicias2262.com\/noticias\/wp-json\/wp\/v2\/tags?post=91197"}],"curies":[{"name":"wp","href":"https:\/\/api.w.org\/{rel}","templated":true}]}}