{"id":91209,"date":"2022-06-30T13:03:49","date_gmt":"2022-06-30T16:03:49","guid":{"rendered":"https:\/\/primicias2262.com\/?p=91209"},"modified":"2022-06-30T13:03:49","modified_gmt":"2022-06-30T16:03:49","slug":"antenucci-respondio-a-los-movimientos-sociales-que-la-acusan-de-usar-la-asistencia-alimentaria-para-juntar-votos","status":"publish","type":"post","link":"https:\/\/primicias2262.com\/noticias\/antenucci-respondio-a-los-movimientos-sociales-que-la-acusan-de-usar-la-asistencia-alimentaria-para-juntar-votos\/","title":{"rendered":"Antenucci respondi\u00f3 a los movimientos sociales que la acusan de usar la asistencia alimentaria para juntar votos"},"content":{"rendered":"<p>Al responder a un comunicado emitido por organizaciones sociales que act\u00faan en nuestro medio y que acusan al municipio de imponer trabas burocr\u00e1ticas a la hora de entregar la asistencia alimentaria, argumentando, incluso, que existir\u00eda la intenci\u00f3n oculta de obtener datos para una futura campa\u00f1a electoral, la secretaria de Desarrollo Humano y Pol\u00edticas Sociales de la comuna, Sandra Antenucci, asegur\u00f3 que \u201cesta gesti\u00f3n ha demostrado que, en ning\u00fan momento, salimos a utilizar como una cuesti\u00f3n pol\u00edtica partidaria a los sectores m\u00e1s vulnerables o las necesidades de la gente\u201d.<\/p>\n<p>En el programa radial \u00abVoces de la ciudad\u00bb, la funcionaria se mostr\u00f3 sorprendida por estas imputaciones, sobre todo entendiendo que \u201csomos muy cuidadosos con los datos de las personas, nos manejamos con mucha responsabilidad y respeto, entonces realmente no entiendo esto\u201d.<\/p>\n<p>Para arrojar luz sobre este acontecimiento, la responsable del \u00e1rea que distribuye las ayudas que llegan desde las administraciones superiores afirm\u00f3 que, \u201cen este caso puntual, es una entrega espec\u00edfica que se va a hacer de un m\u00f3dulo que tenemos que rendir en Naci\u00f3n. Un refuerzo que se va a entregar por familia de un subsidio que recibe el municipio y tenemos que rendir para poder recibirlo nuevamente y poder hacer otras entregas en el contexto del Covid\u201d.<\/p>\n<p>Asegur\u00f3 que \u201cnadie va a salir con estos datos a repartirlos\u201d y que \u201ctanto Provincia como Naci\u00f3n est\u00e1n cada vez m\u00e1s estrictos con las rendiciones\u201d, la Secretaria opin\u00f3: \u201cYo creo que la palabra Declaraci\u00f3n Jurada genera un poco de confusi\u00f3n. Simplemente es un documento que se llena, como cuando vamos al Registro Civil o con cualquier otro tr\u00e1mite, en el que alguien nos est\u00e1 dando buena fe de que la informaci\u00f3n que nos dice es la verdad, no tiene otro fin\u201d.<\/p>\n<p>Espec\u00edficamente sobre el escrito firmado por Atahualpa Pueblo Unido, Barrios de Pie &#8211; Libres del Sur, Movimiento Evita Necochea y UTEP Evita Necochea Quequ\u00e9n, Antenucci asever\u00f3 que \u201cson parte de las organizaciones que forman la Mesa Social, como la que est\u00e1 a cargo de Gabriela Sacco, que present\u00f3 sus declaraciones juradas y nos dijo que le parec\u00eda muy buen porque daban orden y transparencia\u201d.<\/p>\n<p>Otro actor que se involucr\u00f3 en esta pugna fue el bloque del radicalismo en el Concejo Deliberante, cuyos representantes avalaron el documento emitido por estos movimientos que consideran la implementaci\u00f3n de esta pr\u00e1ctica como \u201cun nuevo atropello\u201d del Estado municipal. \u201cHe compartido mucho trabajo con parte de ellos y s\u00e9 que no est\u00e1n en contra del tema del orden y la transparencia, entonces me extra\u00f1an las declaraciones\u201d, sintetiz\u00f3 la integrante del Ejecutivo local.<\/p>\n<p>\u201cEsos datos no se van a usar con ning\u00fan otro fin que no sea el de rendici\u00f3n. Y despu\u00e9s, obvio, para tener nosotros mismos la estad\u00edstica de donde van y c\u00f3mo manejamos los recursos municipales, por una cuesti\u00f3n de que es parte de la gesti\u00f3n misma\u201d, ratific\u00f3 Antenucci para terminar.<\/p>\n","protected":false},"excerpt":{"rendered":"<p>Al responder a un comunicado emitido por organizaciones sociales que act\u00faan en nuestro medio y que acusan al municipio de imponer trabas burocr\u00e1ticas a la hora de entregar la asistencia alimentaria, argumentando, incluso, que existir\u00eda la intenci\u00f3n oculta de obtener datos para una futura campa\u00f1a electoral, la secretaria de Desarrollo Humano y Pol\u00edticas Sociales de [&hellip;]<\/p>\n","protected":false},"author":3,"featured_media":91210,"comment_status":"closed","ping_status":"closed","sticky":false,"template":"","format":"standard","meta":{"footnotes":""},"categories":[3],"tags":[],"class_list":["post-91209","post","type-post","status-publish","format-standard","has-post-thumbnail","category-masnoticias"],"_links":{"self":[{"href":"https:\/\/primicias2262.com\/noticias\/wp-json\/wp\/v2\/posts\/91209","targetHints":{"allow":["GET"]}}],"collection":[{"href":"https:\/\/primicias2262.com\/noticias\/wp-json\/wp\/v2\/posts"}],"about":[{"href":"https:\/\/primicias2262.com\/noticias\/wp-json\/wp\/v2\/types\/post"}],"author":[{"embeddable":true,"href":"https:\/\/primicias2262.com\/noticias\/wp-json\/wp\/v2\/users\/3"}],"replies":[{"embeddable":true,"href":"https:\/\/primicias2262.com\/noticias\/wp-json\/wp\/v2\/comments?post=91209"}],"version-history":[{"count":0,"href":"https:\/\/primicias2262.com\/noticias\/wp-json\/wp\/v2\/posts\/91209\/revisions"}],"wp:attachment":[{"href":"https:\/\/primicias2262.com\/noticias\/wp-json\/wp\/v2\/media?parent=91209"}],"wp:term":[{"taxonomy":"category","embeddable":true,"href":"https:\/\/primicias2262.com\/noticias\/wp-json\/wp\/v2\/categories?post=91209"},{"taxonomy":"post_tag","embeddable":true,"href":"https:\/\/primicias2262.com\/noticias\/wp-json\/wp\/v2\/tags?post=91209"}],"curies":[{"name":"wp","href":"https:\/\/api.w.org\/{rel}","templated":true}]}}