{"id":91218,"date":"2022-06-30T13:25:14","date_gmt":"2022-06-30T16:25:14","guid":{"rendered":"https:\/\/primicias2262.com\/?p=91218"},"modified":"2022-06-30T13:25:14","modified_gmt":"2022-06-30T16:25:14","slug":"aumenta-la-hora-de-estacionamiento-medido-y-se-recuerda-la-cuadricula-donde-se-aplica","status":"publish","type":"post","link":"https:\/\/primicias2262.com\/noticias\/aumenta-la-hora-de-estacionamiento-medido-y-se-recuerda-la-cuadricula-donde-se-aplica\/","title":{"rendered":"Aumenta la hora de estacionamiento medido y se recuerda la cuadr\u00edcula donde se aplica"},"content":{"rendered":"<p>Yamil Haedo, director de Ordenamiento Urbano de la comuna, inform\u00f3 por partida doble en \u201cVoces de la Ciudad\u201d que este viernes la hora de estacionamiento medido aumentar\u00e1 y record\u00f3 el sector c\u00e9ntrico donde se cobra.<\/p>\n<p>En contacto telef\u00f3nico con el periodista Jorge G\u00f3mez, el funcionario sintetiz\u00f3 que \u201ca partir del 1\u00ba de julio pasa de 40 a 50 pesos la hora de estacionamiento medido y el pago voluntario de multas de 1920 a 2400 pesos, de acuerdo a como se establece en la Fiscal Impositiva vigente, as\u00ed que se actualiza el precio desde el 1\u00ba de julio hasta el 31 de diciembre\u201d.<\/p>\n<p>En ese marco, record\u00f3 a los usuarios que \u201cla cuadr\u00edcula de zona centro va de 55 a 65 y de 60 a 68; en 62 a 64 va hasta 67 y de 59 hasta 70. Esa es la cuadr\u00edcula donde hoy en d\u00eda se cobra el estacionamiento medido, que va a pasar a costar 50 pesos la hora desde este viernes\u201d.<\/p>\n<p>Ampli\u00f3 adem\u00e1s que \u201ctenemos alrededor de 25 puntos de venta SEM y el sistema de la App\u201d, que fue muy \u00fatil para la gente durante el verano para comprar minutos a trav\u00e9s del celular, acerca de lo cual destac\u00f3 que \u201ces un servicio m\u00e1s que daba la aplicaci\u00f3n para que la gente no anduviera vueltas buscando los puntos de venta en la playa y el centro, y en el transcurso se afin\u00f3 un poco la utilizaci\u00f3n para que no se trabara su uso\u201d.<\/p>\n<p>Finalmente, apunt\u00f3 tambi\u00e9n a los oyentes: \u201cQueremos recordarles que ante cualquier consulta tenemos nuestras oficinas en Av. 59 N\u00ba 2932, 1\u00ba piso, entre 54 y 56, donde de 9 a 14 pueden pasar a hacer el tr\u00e1mite y recordamos la eximici\u00f3n vigente para personas con discapacidad\u201d.<\/p>\n","protected":false},"excerpt":{"rendered":"<p>Yamil Haedo, director de Ordenamiento Urbano de la comuna, inform\u00f3 por partida doble en \u201cVoces de la Ciudad\u201d que este viernes la hora de estacionamiento medido aumentar\u00e1 y record\u00f3 el sector c\u00e9ntrico donde se cobra. En contacto telef\u00f3nico con el periodista Jorge G\u00f3mez, el funcionario sintetiz\u00f3 que \u201ca partir del 1\u00ba de julio pasa de [&hellip;]<\/p>\n","protected":false},"author":3,"featured_media":77072,"comment_status":"closed","ping_status":"closed","sticky":false,"template":"","format":"standard","meta":{"footnotes":""},"categories":[3],"tags":[],"class_list":["post-91218","post","type-post","status-publish","format-standard","has-post-thumbnail","category-masnoticias"],"_links":{"self":[{"href":"https:\/\/primicias2262.com\/noticias\/wp-json\/wp\/v2\/posts\/91218","targetHints":{"allow":["GET"]}}],"collection":[{"href":"https:\/\/primicias2262.com\/noticias\/wp-json\/wp\/v2\/posts"}],"about":[{"href":"https:\/\/primicias2262.com\/noticias\/wp-json\/wp\/v2\/types\/post"}],"author":[{"embeddable":true,"href":"https:\/\/primicias2262.com\/noticias\/wp-json\/wp\/v2\/users\/3"}],"replies":[{"embeddable":true,"href":"https:\/\/primicias2262.com\/noticias\/wp-json\/wp\/v2\/comments?post=91218"}],"version-history":[{"count":0,"href":"https:\/\/primicias2262.com\/noticias\/wp-json\/wp\/v2\/posts\/91218\/revisions"}],"wp:attachment":[{"href":"https:\/\/primicias2262.com\/noticias\/wp-json\/wp\/v2\/media?parent=91218"}],"wp:term":[{"taxonomy":"category","embeddable":true,"href":"https:\/\/primicias2262.com\/noticias\/wp-json\/wp\/v2\/categories?post=91218"},{"taxonomy":"post_tag","embeddable":true,"href":"https:\/\/primicias2262.com\/noticias\/wp-json\/wp\/v2\/tags?post=91218"}],"curies":[{"name":"wp","href":"https:\/\/api.w.org\/{rel}","templated":true}]}}