{"id":91230,"date":"2022-07-01T10:14:15","date_gmt":"2022-07-01T13:14:15","guid":{"rendered":"https:\/\/primicias2262.com\/?p=91230"},"modified":"2022-07-01T10:14:15","modified_gmt":"2022-07-01T13:14:15","slug":"arreglan-un-desperfecto-en-el-puente-dardo-rocha-que-dejo-sin-agua-a-un-sector-de-quequen","status":"publish","type":"post","link":"https:\/\/primicias2262.com\/noticias\/arreglan-un-desperfecto-en-el-puente-dardo-rocha-que-dejo-sin-agua-a-un-sector-de-quequen\/","title":{"rendered":"Arreglan un desperfecto en el Puente Dardo Rocha que dej\u00f3 sin agua a un sector de Quequ\u00e9n"},"content":{"rendered":"<p><strong>Durante la madruga un desperfecto provoc\u00f3 la voladura del empalme de agua en el puente y dej\u00f3 moment\u00e1neamente sin servicio de agua al sector de 556 a 552 y 513 a 521.<\/strong><\/p>\n<p>El director de Infraestructura, Marcelo G\u00f3mez, inform\u00f3 esta ma\u00f1ana que por un desperfecto ocasionado durante la madrugada en el empalme de agua del Puente Dardo Rocha, el sector comprendido de calles 556 a 522 y de 513 a 521 permanecer\u00e1 sin agua hasta que se logre arreglar el inconveniente, cuesti\u00f3n a la que est\u00e1 abocada de manera inmediata el \u00e1rea que depende de la Secretar\u00eda de Obras P\u00fablicas.<\/p>\n<p>En concreto, G\u00f3mez detall\u00f3 que \u201cayer estuvo la empresa Vicoli trabajando en el cruce del Puente Dardo Rocha, en el empalme del agua con Quequ\u00e9n, donde hab\u00edan dejado todo terminado, pero durante la madrugada ha habido un desperfecto que produjo la voladura de la curva que hab\u00edan fusionado y por eso ahora mismo el personal de Obras Sanitarias junto con la empresa Vicoli est\u00e1n resolviendo en conjunto\u201d.<\/p>\n<p>\u201cPor ese motivo, el sector de calles 556 a 552 y de 513 a 521 estar\u00e1 durante algunas horas de este viernes sin agua, hasta que se pueda solucionar el inconveniente\u201d, aclar\u00f3 el funcionario.<\/p>\n<p>En tal sentido, manifest\u00f3 que \u201cya estamos trabajando en el lugar para resolver el problema de forma inmediata, aplicando una bomba de achique para sacar todo el agua acumulada y de esa forma poder ver cu\u00e1l fue el inconveniente que tenemos ah\u00ed y que provoc\u00f3 la voladura del empalme\u201d.<\/p>\n","protected":false},"excerpt":{"rendered":"<p>Durante la madruga un desperfecto provoc\u00f3 la voladura del empalme de agua en el puente y dej\u00f3 moment\u00e1neamente sin servicio de agua al sector de 556 a 552 y 513 a 521. El director de Infraestructura, Marcelo G\u00f3mez, inform\u00f3 esta ma\u00f1ana que por un desperfecto ocasionado durante la madrugada en el empalme de agua del [&hellip;]<\/p>\n","protected":false},"author":3,"featured_media":74119,"comment_status":"closed","ping_status":"closed","sticky":false,"template":"","format":"standard","meta":{"footnotes":""},"categories":[3],"tags":[],"class_list":["post-91230","post","type-post","status-publish","format-standard","has-post-thumbnail","category-masnoticias"],"_links":{"self":[{"href":"https:\/\/primicias2262.com\/noticias\/wp-json\/wp\/v2\/posts\/91230","targetHints":{"allow":["GET"]}}],"collection":[{"href":"https:\/\/primicias2262.com\/noticias\/wp-json\/wp\/v2\/posts"}],"about":[{"href":"https:\/\/primicias2262.com\/noticias\/wp-json\/wp\/v2\/types\/post"}],"author":[{"embeddable":true,"href":"https:\/\/primicias2262.com\/noticias\/wp-json\/wp\/v2\/users\/3"}],"replies":[{"embeddable":true,"href":"https:\/\/primicias2262.com\/noticias\/wp-json\/wp\/v2\/comments?post=91230"}],"version-history":[{"count":0,"href":"https:\/\/primicias2262.com\/noticias\/wp-json\/wp\/v2\/posts\/91230\/revisions"}],"wp:attachment":[{"href":"https:\/\/primicias2262.com\/noticias\/wp-json\/wp\/v2\/media?parent=91230"}],"wp:term":[{"taxonomy":"category","embeddable":true,"href":"https:\/\/primicias2262.com\/noticias\/wp-json\/wp\/v2\/categories?post=91230"},{"taxonomy":"post_tag","embeddable":true,"href":"https:\/\/primicias2262.com\/noticias\/wp-json\/wp\/v2\/tags?post=91230"}],"curies":[{"name":"wp","href":"https:\/\/api.w.org\/{rel}","templated":true}]}}