{"id":91238,"date":"2022-07-01T12:43:38","date_gmt":"2022-07-01T15:43:38","guid":{"rendered":"https:\/\/primicias2262.com\/?p=91238"},"modified":"2022-07-01T12:43:38","modified_gmt":"2022-07-01T15:43:38","slug":"con-mucha-emocion-y-una-prueba-piloto-sobre-su-nueva-atencion-reabrio-el-pami-quequen","status":"publish","type":"post","link":"https:\/\/primicias2262.com\/noticias\/con-mucha-emocion-y-una-prueba-piloto-sobre-su-nueva-atencion-reabrio-el-pami-quequen\/","title":{"rendered":"Con mucha emoci\u00f3n y una prueba piloto sobre su nueva atenci\u00f3n, reabri\u00f3 el PAMI Quequ\u00e9n"},"content":{"rendered":"<p>\u201cFue un momento emocionante el hecho de abrir nuevamente las puertas, despu\u00e9s de estar sin atenci\u00f3n desde el a\u00f1o 2019\u201d, expres\u00f3 al aire de \u201cVoces de la Ciudad\u201d el titular local de PAMI, Gerardo Dur\u00e1n, quien a su vez explic\u00f3 la moderna modalidad de atenci\u00f3n que tendr\u00e1 la sede de 554 y 519 una vez que sea inaugurada oficailemente.<\/p>\n<p>Ante la consulta telef\u00f3nica del periodista Jorge G\u00f3mez, Dur\u00e1n no ocult\u00f3 su emoci\u00f3n y se\u00f1al\u00f3 que \u201cestamos con la reapertura del PAMI Quequ\u00e9n con esta prueba piloto sobre la nueva modalidad de atenci\u00f3n por turnos y autogesti\u00f3n. Este modelo de agencia se va a implementar en todo el pa\u00eds y es un hecho muy significativo el que estamos viviendo\u201d.<\/p>\n<p>Dur\u00e1n ampli\u00f3 acto seguido que \u201cPAMI Quequ\u00e9n tiene unos 3 mil afiliados y abrimos hoy a modo de prueba piloto como para ir ajustando equipos inform\u00e1ticos y configurando, e incluso hemos asignado algunos turnos como para ir aceitando el funcionamiento de la nueva agencia, aunque no es la inauguraci\u00f3n oficial\u201d.<\/p>\n<p>Precisamente, de cara a la nueva etapa, Dur\u00e1n asegur\u00f3 que \u201cla atenci\u00f3n y su modalidad ser\u00e1n totalmente distintas, se atender\u00e1 directamente con turnos asignados (muy similar al ANSES) y habr\u00e1 equipos inform\u00e1ticos para que las personas afiliadas puedan hacer sus propios tr\u00e1mites, con la orientaci\u00f3n del personal que trabaja\u201d.<\/p>\n<p><a href=\"https:\/\/primicias2262.com\/wp-content\/uploads\/2022\/07\/WhatsApp-Image-2022-07-01-at-12.15.19-PM.jpeg\"><img loading=\"lazy\" decoding=\"async\" class=\"aligncenter size-large wp-image-91239\" src=\"https:\/\/primicias2262.com\/wp-content\/uploads\/2022\/07\/WhatsApp-Image-2022-07-01-at-12.15.19-PM-1024x576.jpeg\" alt=\"\" width=\"696\" height=\"392\" \/><\/a><\/p>\n<p>Lo que se implemente es \u201cun T\u00f3tem de atenci\u00f3n, es decir, una m\u00e1quina similar a la de los bancos, donde la gente puede autogestionarse ciertos tr\u00e1mites, sacar turnos y dem\u00e1s, como tambi\u00e9n a trav\u00e9s de unas tablets que estar\u00e1n a disposici\u00f3n de los afiliados, con la gu\u00eda de los agentes\u201d, acot\u00f3, para asegurar que \u201cva cambiando el paradigma de atenci\u00f3n\u201d.<\/p>\n<p>Finalmente, describi\u00f3 que \u201cya se han acercado algunos vecinos de Quequ\u00e9n, no para hacer tr\u00e1mites pero s\u00ed para conocer las oficnas\u201d, e inform\u00f3 en el cierre que para solicitar turnos ahora hay que ir a la p\u00e1gina de PAMI (www.pami.org.ar) y ya est\u00e1 la agencia de Quequ\u00e9n habilitada para recibir turnos\u201d.<\/p>\n","protected":false},"excerpt":{"rendered":"<p>\u201cFue un momento emocionante el hecho de abrir nuevamente las puertas, despu\u00e9s de estar sin atenci\u00f3n desde el a\u00f1o 2019\u201d, expres\u00f3 al aire de \u201cVoces de la Ciudad\u201d el titular local de PAMI, Gerardo Dur\u00e1n, quien a su vez explic\u00f3 la moderna modalidad de atenci\u00f3n que tendr\u00e1 la sede de 554 y 519 una vez [&hellip;]<\/p>\n","protected":false},"author":3,"featured_media":91240,"comment_status":"closed","ping_status":"closed","sticky":false,"template":"","format":"standard","meta":{"footnotes":""},"categories":[3],"tags":[],"class_list":["post-91238","post","type-post","status-publish","format-standard","has-post-thumbnail","category-masnoticias"],"_links":{"self":[{"href":"https:\/\/primicias2262.com\/noticias\/wp-json\/wp\/v2\/posts\/91238","targetHints":{"allow":["GET"]}}],"collection":[{"href":"https:\/\/primicias2262.com\/noticias\/wp-json\/wp\/v2\/posts"}],"about":[{"href":"https:\/\/primicias2262.com\/noticias\/wp-json\/wp\/v2\/types\/post"}],"author":[{"embeddable":true,"href":"https:\/\/primicias2262.com\/noticias\/wp-json\/wp\/v2\/users\/3"}],"replies":[{"embeddable":true,"href":"https:\/\/primicias2262.com\/noticias\/wp-json\/wp\/v2\/comments?post=91238"}],"version-history":[{"count":0,"href":"https:\/\/primicias2262.com\/noticias\/wp-json\/wp\/v2\/posts\/91238\/revisions"}],"wp:attachment":[{"href":"https:\/\/primicias2262.com\/noticias\/wp-json\/wp\/v2\/media?parent=91238"}],"wp:term":[{"taxonomy":"category","embeddable":true,"href":"https:\/\/primicias2262.com\/noticias\/wp-json\/wp\/v2\/categories?post=91238"},{"taxonomy":"post_tag","embeddable":true,"href":"https:\/\/primicias2262.com\/noticias\/wp-json\/wp\/v2\/tags?post=91238"}],"curies":[{"name":"wp","href":"https:\/\/api.w.org\/{rel}","templated":true}]}}