{"id":91258,"date":"2022-07-01T13:17:11","date_gmt":"2022-07-01T16:17:11","guid":{"rendered":"https:\/\/primicias2262.com\/?p=91258"},"modified":"2022-07-01T13:17:11","modified_gmt":"2022-07-01T16:17:11","slug":"egidio-mailland-aseguro-que-el-paro-que-hara-el-campo-no-le-sirve-a-nadie","status":"publish","type":"post","link":"https:\/\/primicias2262.com\/noticias\/egidio-mailland-aseguro-que-el-paro-que-hara-el-campo-no-le-sirve-a-nadie\/","title":{"rendered":"Egidio Mailland asegur\u00f3 que el paro que har\u00e1 el campo \u201cno le sirve a nadie\u201d"},"content":{"rendered":"<p>El delegado de Coninagro asegur\u00f3 que la entidad no concuerda con la medida, pero que se respeta la decisi\u00f3n de la Mesa de Enlace. Asegur\u00f3 que, en plena \u00e9poca de siembra, el campo no est\u00e1 pudiendo importar fertilizantes; volvi\u00f3 a criticar duramente al Gobierno y predijo un segundo semestre \u201cfatal\u201d.<\/p>\n<p><a href=\"https:\/\/primicias2262.com\/wp-content\/uploads\/2021\/07\/Mailland.jpg\"><img loading=\"lazy\" decoding=\"async\" class=\"alignright size-medium wp-image-78865\" src=\"https:\/\/primicias2262.com\/wp-content\/uploads\/2021\/07\/Mailland-300x169.jpg\" alt=\"\" width=\"300\" height=\"169\" \/><\/a>El mi\u00e9rcoles se conoci\u00f3 que, por la falta de gasoil, la Mesa de Enlace de las instituciones que representan al sector del agro convoc\u00f3 a un paro nacional del campo para el mi\u00e9rcoles 13 de julio, con un cese total de comercializaci\u00f3n que estar\u00e1 acompa\u00f1ado por movilizaciones y acciones de concientizaci\u00f3n.<\/p>\n<p>En el aire de Voces de la Ciudad, por FM Vinilo 103.5 MHz, Egidio Mailland brind\u00f3 su parecer al respecto y asegur\u00f3 que \u201ces una jornada de protesta que no le va a servir a nadie\u201d porque \u201ccreo que la situaci\u00f3n del pa\u00eds es muy grave y seria como para andar paveando con un cese comercial de un d\u00eda. Esto requiere de materia gris, ser m\u00e1s creativos, m\u00e1s pensantes, y ver c\u00f3mo salir de estos, primero, y de esto, despu\u00e9s\u201d.<\/p>\n<p>Como delegado de Coninagro local, y aunque no integr\u00f3 la mesa, consider\u00f3 que la opini\u00f3n de la instituci\u00f3n que representa, seguramente, fue la de no estar de acuerdo con el paro, aunque se respet\u00f3 la decisi\u00f3n de las dem\u00e1s instituciones.<\/p>\n<p>Ampliando conceptos que reflejan el porqu\u00e9 de su enojo contra el actual Gobierno, el presidente de la Cooperativa Agropecuaria General Necochea afirm\u00f3 que \u201cesta administraci\u00f3n no puede seguir as\u00ed, vayamos a un acto democr\u00e1tico e intentemos cambiar, porque vamos contra un pared\u00f3n. Ya estamos al lado, prepar\u00e1te para un estallido y una hiperinflaci\u00f3n fenomenal, con una fuga de divisas que no para\u201d.<\/p>\n<p>El dirigente presagi\u00f3 un segundo trimestre \u201cfatal\u201d para el pa\u00eds y esgrimi\u00f3 que \u201ceste es un problema mucho m\u00e1s pol\u00edtico que econ\u00f3mico: la gente desconf\u00eda y est\u00e1 metiendo la plata en el freezer, eso congela la econom\u00eda y es peor. Y c\u00f3mo no va a desconfiar la gente, si se tiene que ir corriendo al d\u00f3lar porque el peso no vale absolutamente nada\u201d.<\/p>\n<p>Sobre la situaci\u00f3n actual del campo, Mailland revel\u00f3 que \u201cno podemos importar fertilizantes y estamos en plena siembra. Estamos trabajando con los stocks que hab\u00eda, esto es una cosa de locos y no hay ning\u00fan ministro preocupado por esto. Le echaron la culpa al campo de que hab\u00eda acopiado demasiado gasoil\u201d.<\/p>\n<p>\u201cMir\u00e1 que yo he recibido respuestas est\u00fapidas, pero realmente no pierdo la capacidad de asombro, estos tipos son inoperantes, in\u00fatiles\u201d, agreg\u00f3 con indignaci\u00f3n, sosteniendo que en estos momentos \u201ces la econom\u00eda marginal la que est\u00e1 sosteniendo este pa\u00eds, la econom\u00eda informal, que algunos hablan de que est\u00e1 por encima del 50 por ciento\u201d.<\/p>\n<p>Finalmente, el productor agropecuario dej\u00f3 una consideraci\u00f3n terminante sobre la protesta de los transportistas autoconvocados en la rotonda de Circunvalaci\u00f3n. \u201cPiden el 30% de aumento y llevan acumulado el 46% en un semestre, eso es casi un 100% anual, un disparate. Y, curiosamente, el paro en Quequ\u00e9n no se ha levantado, porque les dieron el 24 y quieren el 30, una cosa de locos, un pa\u00eds de locos\u201d, consider\u00f3 el referente.<\/p>\n","protected":false},"excerpt":{"rendered":"<p>El delegado de Coninagro asegur\u00f3 que la entidad no concuerda con la medida, pero que se respeta la decisi\u00f3n de la Mesa de Enlace. Asegur\u00f3 que, en plena \u00e9poca de siembra, el campo no est\u00e1 pudiendo importar fertilizantes; volvi\u00f3 a criticar duramente al Gobierno y predijo un segundo semestre \u201cfatal\u201d. El mi\u00e9rcoles se conoci\u00f3 que, [&hellip;]<\/p>\n","protected":false},"author":3,"featured_media":91259,"comment_status":"closed","ping_status":"closed","sticky":false,"template":"","format":"standard","meta":{"footnotes":""},"categories":[3],"tags":[],"class_list":["post-91258","post","type-post","status-publish","format-standard","has-post-thumbnail","category-masnoticias"],"_links":{"self":[{"href":"https:\/\/primicias2262.com\/noticias\/wp-json\/wp\/v2\/posts\/91258","targetHints":{"allow":["GET"]}}],"collection":[{"href":"https:\/\/primicias2262.com\/noticias\/wp-json\/wp\/v2\/posts"}],"about":[{"href":"https:\/\/primicias2262.com\/noticias\/wp-json\/wp\/v2\/types\/post"}],"author":[{"embeddable":true,"href":"https:\/\/primicias2262.com\/noticias\/wp-json\/wp\/v2\/users\/3"}],"replies":[{"embeddable":true,"href":"https:\/\/primicias2262.com\/noticias\/wp-json\/wp\/v2\/comments?post=91258"}],"version-history":[{"count":0,"href":"https:\/\/primicias2262.com\/noticias\/wp-json\/wp\/v2\/posts\/91258\/revisions"}],"wp:attachment":[{"href":"https:\/\/primicias2262.com\/noticias\/wp-json\/wp\/v2\/media?parent=91258"}],"wp:term":[{"taxonomy":"category","embeddable":true,"href":"https:\/\/primicias2262.com\/noticias\/wp-json\/wp\/v2\/categories?post=91258"},{"taxonomy":"post_tag","embeddable":true,"href":"https:\/\/primicias2262.com\/noticias\/wp-json\/wp\/v2\/tags?post=91258"}],"curies":[{"name":"wp","href":"https:\/\/api.w.org\/{rel}","templated":true}]}}