{"id":91261,"date":"2022-07-01T20:18:58","date_gmt":"2022-07-01T23:18:58","guid":{"rendered":"https:\/\/primicias2262.com\/?p=91261"},"modified":"2022-07-01T20:18:58","modified_gmt":"2022-07-01T23:18:58","slug":"necochea-se-suma-al-festejo-por-el-dia-internacional-de-las-cooperativas","status":"publish","type":"post","link":"https:\/\/primicias2262.com\/noticias\/necochea-se-suma-al-festejo-por-el-dia-internacional-de-las-cooperativas\/","title":{"rendered":"Necochea se suma al festejo por el D\u00eda Internacional de las Cooperativas"},"content":{"rendered":"<p><strong>Por Jorge G\u00f3mez<\/strong><\/p>\n<p>Diego Britos, representante en la zona del Instituto Nacional del Asociativismo y Econom\u00eda Social (INAES), remiti\u00f3 una nota en atenci\u00f3n a que este s\u00e1bado 2 de julio se celebrar\u00e1 el d\u00eda internacional de las cooperativas, para lo cual se prev\u00e9 la realizaci\u00f3n de un acto que se concretar\u00e1 durante la siesta de ma\u00f1ana en el Monumento del Cooperativismo que se erige en la plazoleta de la esquina de 59 y 54.<\/p>\n<p>La nota enviada por Britos da cuenta de lo siguiente:<br \/>\n\u201cEn el marco de los 100 a\u00f1os de celebraci\u00f3n del d\u00eda internacional de las cooperativas, que se realiza a nivel mundial el primer s\u00e1bado de julio, las cooperativas y mutuales de todo el partido de Necochea, junto con los organismos que las promueven, no quer\u00edamos pasar por alto este d\u00eda tan importante.<\/p>\n<p>A lo largo y ancho de todo el mundo, est\u00e1 econom\u00eda que prioriza el capital humano, que construye puentes de cooperaci\u00f3n mutua, que incentiva a pensar en un mundo m\u00e1s participativo y equitativo, viene creciendo y desarroll\u00e1ndose a pasos agigantados, por lo que estamos convencidos y adherimos al lema de la Alianza Cooperativa Internacional ACI de este a\u00f1o \u00abLas cooperativas construyen un mundo mejor\u00bb.<\/p>\n<p>Es por ello, que este s\u00e1bado 2 de Julio a las 15 invitamos a la comunidad a participar de un peque\u00f1o acto simb\u00f3lico en el monumento del Cooperativismo, ubicado en las intermediaciones de la avenida 59 y calle 54.<\/p>\n<p>Tambi\u00e9n invitamos a toda la comunidad al encuentro regional que realizaremos el d\u00eda 23 de Julio, para seguir demostrando que el Cooperativismo sigue estando m\u00e1s vivo que nunca, como un movimiento pujante, activo y organizado\u201d.<\/p>\n","protected":false},"excerpt":{"rendered":"<p>Por Jorge G\u00f3mez Diego Britos, representante en la zona del Instituto Nacional del Asociativismo y Econom\u00eda Social (INAES), remiti\u00f3 una nota en atenci\u00f3n a que este s\u00e1bado 2 de julio se celebrar\u00e1 el d\u00eda internacional de las cooperativas, para lo cual se prev\u00e9 la realizaci\u00f3n de un acto que se concretar\u00e1 durante la siesta de [&hellip;]<\/p>\n","protected":false},"author":3,"featured_media":91262,"comment_status":"closed","ping_status":"closed","sticky":false,"template":"","format":"standard","meta":{"footnotes":""},"categories":[3],"tags":[],"class_list":["post-91261","post","type-post","status-publish","format-standard","has-post-thumbnail","category-masnoticias"],"_links":{"self":[{"href":"https:\/\/primicias2262.com\/noticias\/wp-json\/wp\/v2\/posts\/91261","targetHints":{"allow":["GET"]}}],"collection":[{"href":"https:\/\/primicias2262.com\/noticias\/wp-json\/wp\/v2\/posts"}],"about":[{"href":"https:\/\/primicias2262.com\/noticias\/wp-json\/wp\/v2\/types\/post"}],"author":[{"embeddable":true,"href":"https:\/\/primicias2262.com\/noticias\/wp-json\/wp\/v2\/users\/3"}],"replies":[{"embeddable":true,"href":"https:\/\/primicias2262.com\/noticias\/wp-json\/wp\/v2\/comments?post=91261"}],"version-history":[{"count":0,"href":"https:\/\/primicias2262.com\/noticias\/wp-json\/wp\/v2\/posts\/91261\/revisions"}],"wp:attachment":[{"href":"https:\/\/primicias2262.com\/noticias\/wp-json\/wp\/v2\/media?parent=91261"}],"wp:term":[{"taxonomy":"category","embeddable":true,"href":"https:\/\/primicias2262.com\/noticias\/wp-json\/wp\/v2\/categories?post=91261"},{"taxonomy":"post_tag","embeddable":true,"href":"https:\/\/primicias2262.com\/noticias\/wp-json\/wp\/v2\/tags?post=91261"}],"curies":[{"name":"wp","href":"https:\/\/api.w.org\/{rel}","templated":true}]}}