{"id":91289,"date":"2022-07-02T18:23:26","date_gmt":"2022-07-02T21:23:26","guid":{"rendered":"https:\/\/primicias2262.com\/?p=91289"},"modified":"2022-07-02T18:23:26","modified_gmt":"2022-07-02T21:23:26","slug":"lo-que-mas-agradecemos-es-que-incorporaron-el-rio-y-el-paseo-de-la-ribera-a-la-ciudad","status":"publish","type":"post","link":"https:\/\/primicias2262.com\/noticias\/lo-que-mas-agradecemos-es-que-incorporaron-el-rio-y-el-paseo-de-la-ribera-a-la-ciudad\/","title":{"rendered":"\u201cLo que m\u00e1s agradecemos es que incorporaron el R\u00edo y el Paseo de la Ribera a la ciudad\u201d"},"content":{"rendered":"<p>As\u00ed lo afirm\u00f3 en referencia a la Municipalidad y los vecinos el empresario Marcos Testani, al asegurar que esa inclusi\u00f3n antes no se daba. Junto al Dr. Ariel Gonz\u00e1lez, destacaron que las obras de iluminaci\u00f3n Led y bajada inclusiva a la altura de la Sociedad Espa\u00f1ola elevan la calidad del recorrido, que a su vez cuenta con varios sectores de caba\u00f1as.<\/p>\n<p><a href=\"https:\/\/primicias2262.com\/wp-content\/uploads\/2022\/07\/WhatsApp-Image-2022-06-30-at-2.46.28-PM-2.jpeg\"><img loading=\"lazy\" decoding=\"async\" class=\"alignright size-medium wp-image-91290\" src=\"https:\/\/primicias2262.com\/wp-content\/uploads\/2022\/07\/WhatsApp-Image-2022-06-30-at-2.46.28-PM-2-213x300.jpeg\" alt=\"\" width=\"213\" height=\"300\" \/><\/a>A trav\u00e9s del aire de \u201cVoces de la Ciudad\u201d, Testani, expres\u00f3 primeramente que \u201cel Paseo de la Ribera es un lugar que est\u00e1 quedando cada vez m\u00e1s lindo y cada vez cuenta con m\u00e1s afluencia de p\u00fablico, tanto de vecinos como de turismo, con caba\u00f1as que se alquilan durante todo el a\u00f1o. De hecho, quienes alquilan caba\u00f1as o el apart de Del Valle destacan mucho el Paseo y su prolijidad, y sucede algo que antes no suced\u00eda: que la gente de Necochea se est\u00e1 tomando un par de d\u00edas para pasar en las caba\u00f1as del r\u00edo\u201d.<\/p>\n<p>Adem\u00e1s, el empresario valor\u00f3 respecto a las tareas del Ente Vial que \u201cesta semana anduvimos mirando del Puente Taraborelli hacia Las Cascadas, donde han hecho un trabajo espl\u00e9ndido y ahora se puede ver el r\u00edo y pasear\u201d, y cuando el periodista Jorge G\u00f3mez le consult\u00f3 sobre las cr\u00edticas de grupos ambientalistas a la quita de algunas plantas en ese sector, fue tajante al vociferar que \u201csiempre va haber quejas cuando se hace algo, este pueblo es as\u00ed, es \u201cNocochea\u201d, pero hay que seguir, porque esos que criticaban seguramente van a ir a tomar mate donde las m\u00e1quinas del Ente Vial limpiaron\u201d.<\/p>\n<p>En esa misma l\u00ednea de elogios, es que Testani asegur\u00f3 que \u201clo que m\u00e1s tenemos que agradecer es que hoy incorporaron el R\u00edo y el Paseo de la Ribera a la ciudad, tanto los vecinos como el Estado Municipal, porque eso antes no pasaba\u201d.<\/p>\n<p><a href=\"https:\/\/primicias2262.com\/wp-content\/uploads\/2022\/07\/WhatsApp-Image-2022-06-30-at-2.46.28-PM-1.jpeg\"><img loading=\"lazy\" decoding=\"async\" class=\"alignleft size-medium wp-image-91291\" src=\"https:\/\/primicias2262.com\/wp-content\/uploads\/2022\/07\/WhatsApp-Image-2022-06-30-at-2.46.28-PM-1-227x300.jpeg\" alt=\"\" width=\"227\" height=\"300\" \/><\/a>Por su parte, el Dr. Gonz\u00e1lez afirm\u00f3 que \u201cvemos im\u00e1genes de lo que era el paseo hace 10 a\u00f1os y lo que es ahora y es emocionante ver el contraste entre el antes y el despu\u00e9s\u201d, y destac\u00f3 sobremanera la obra de la bajada inclusiva al r\u00edo, frente al predio de la Sociedad Espa\u00f1ola: \u201cMuchos chicos de la ciudad se sienten libres ahora al subir a un kayak desde la bajada inclusiva, y esa libertad va a servir para que muchos chicos con discapacidad tengan la posibilidad de ir de vacaciones. La idea adem\u00e1s ser\u00e1 un salto muy grande a nivel provincial, porque no tiene antecedentes entre los r\u00edos de la provincia de Buenos Aires\u201d.<\/p>\n<p>Finalmente, en lo que concierne a iluminaci\u00f3n Led, desde la bajada en 74 hasta el predio mencionado de la SE, Testani celebr\u00f3 que \u201cs\u00f3lo falta que la Usina coloque el cable pre ensamblado y le d\u00e9 tensi\u00f3n al sector de iluminaci\u00f3n hasta la Sociedad Espa\u00f1ola. El d\u00eda que se prendan las luces queremos que sea una fiesta\u201d.<\/p>\n","protected":false},"excerpt":{"rendered":"<p>As\u00ed lo afirm\u00f3 en referencia a la Municipalidad y los vecinos el empresario Marcos Testani, al asegurar que esa inclusi\u00f3n antes no se daba. Junto al Dr. Ariel Gonz\u00e1lez, destacaron que las obras de iluminaci\u00f3n Led y bajada inclusiva a la altura de la Sociedad Espa\u00f1ola elevan la calidad del recorrido, que a su vez [&hellip;]<\/p>\n","protected":false},"author":3,"featured_media":91292,"comment_status":"closed","ping_status":"closed","sticky":false,"template":"","format":"standard","meta":{"footnotes":""},"categories":[3],"tags":[],"class_list":["post-91289","post","type-post","status-publish","format-standard","has-post-thumbnail","category-masnoticias"],"_links":{"self":[{"href":"https:\/\/primicias2262.com\/noticias\/wp-json\/wp\/v2\/posts\/91289","targetHints":{"allow":["GET"]}}],"collection":[{"href":"https:\/\/primicias2262.com\/noticias\/wp-json\/wp\/v2\/posts"}],"about":[{"href":"https:\/\/primicias2262.com\/noticias\/wp-json\/wp\/v2\/types\/post"}],"author":[{"embeddable":true,"href":"https:\/\/primicias2262.com\/noticias\/wp-json\/wp\/v2\/users\/3"}],"replies":[{"embeddable":true,"href":"https:\/\/primicias2262.com\/noticias\/wp-json\/wp\/v2\/comments?post=91289"}],"version-history":[{"count":0,"href":"https:\/\/primicias2262.com\/noticias\/wp-json\/wp\/v2\/posts\/91289\/revisions"}],"wp:attachment":[{"href":"https:\/\/primicias2262.com\/noticias\/wp-json\/wp\/v2\/media?parent=91289"}],"wp:term":[{"taxonomy":"category","embeddable":true,"href":"https:\/\/primicias2262.com\/noticias\/wp-json\/wp\/v2\/categories?post=91289"},{"taxonomy":"post_tag","embeddable":true,"href":"https:\/\/primicias2262.com\/noticias\/wp-json\/wp\/v2\/tags?post=91289"}],"curies":[{"name":"wp","href":"https:\/\/api.w.org\/{rel}","templated":true}]}}