{"id":91317,"date":"2022-07-03T18:36:48","date_gmt":"2022-07-03T21:36:48","guid":{"rendered":"https:\/\/primicias2262.com\/?p=91317"},"modified":"2022-07-03T18:36:48","modified_gmt":"2022-07-03T21:36:48","slug":"la-camara-comercial-avanza-en-la-creacion-de-un-hot-sale-necochense","status":"publish","type":"post","link":"https:\/\/primicias2262.com\/noticias\/la-camara-comercial-avanza-en-la-creacion-de-un-hot-sale-necochense\/","title":{"rendered":"La C\u00e1mara Comercial avanza en la creaci\u00f3n de un Hot Sale necochense"},"content":{"rendered":"<p>\u201cSe hace en otras ciudades y tiene \u00e9xito\u201d, se\u00f1al\u00f3 el titular de la C\u00e1mara Comercial, Mariano Gonz\u00e1lez, quien anticip\u00f3 que \u201cvamos a hablar con cada comerciante para que presente su local con sus descuentos a elecci\u00f3n propia y de esta manera haremos algo bien consensuado\u201d.<\/p>\n<p>Todo surgi\u00f3 de una consulta realizada por el periodista Jorge G\u00f3mez en el aire de \u201cVoces de la Ciudad\u201d, acerca de c\u00f3mo hab\u00eda resultado la reuni\u00f3n que mantuvieron el lunes por la noche la C\u00e1mara Comercial y el municipio, con la primera de las partes como anfitriona, a lo que Gonz\u00e1lez respondi\u00f3 que se trataron varios temas pero dos sumamente importantes para el sector: la creaci\u00f3n de un Hot Sale local (d\u00eda especial con importantes decuentos y promociones comerciales), y la implementaci\u00f3n de un curso de marketing digital.<\/p>\n<p>Con respecto a lo primero, Gonz\u00e1lez manifest\u00f3 que \u201cveremos c\u00f3mo vamos a llevar adelante el Hot Sale, con la idea de implementarlo quiz\u00e1 mensualmente, y desde la C\u00e1mara vamos a armar el kit para que todos los comercios que se anoten est\u00e9n identificados.<\/p>\n<p>\u201cSe hace en otras ciudades y tiene \u00e9xito, porque las personas aprovechan el d\u00eda de descuento, y una de las cosas que se a hablar es que no es obligatorio que el negocio se adhiera al Hot Sale, sino que es voluntario y se hace con el fin de mover bastante la caja fuerte durante un d\u00eda\u201d, aclar\u00f3 el titular de la C\u00e1mara Comercial.<\/p>\n<p>Agreg\u00f3 que \u201cno es la venta tradicional o que te va a generar una ganancia particular porque uno pone los precios muy bajos, pero es para que se mueva la caja y la gente entre al local y lo conozca\u201d.<\/p>\n<p>Por otra parte, inform\u00f3 que \u201chablamos tambi\u00e9n de que la C\u00e1mara presentar\u00e1 un curso de marketing digital para todos los comercios, con el fin de que puedan aggiornarse y prepararse para empezar a vender de manera online\u201d.<\/p>\n<p>En ese sentido, contextualiz\u00f3 que \u201cya tenemos los profesores y ahora queremos sumar a Producci\u00f3n del municipio para ver si nos da una mano en mejorar y profesionalizar este curso que necesitamos todos los comerciantes de Necochea, ya que habr\u00e1 alguno que est\u00e1 m\u00e1s aggiornado que otro, pero queremos tener las herramientas para ver c\u00f3mo empezar a trabajar en eso y era fundamental que se haga. Esto ser\u00e1 para los pr\u00f3ximos meses\u201d.<\/p>\n<p>Por consiguiente, Gonz\u00e1lez calific\u00f3 que \u201cfue muy productiva la reuni\u00f3n\u201d, dejando deslizar tambi\u00e9n en orden de menor importancia que \u201cdesde Producci\u00f3n nos contaron acerca de una App web que quieren armar para que la gente tenga informaci\u00f3n de todos los locales de Necochea con sus promociones\u201d.<\/p>\n","protected":false},"excerpt":{"rendered":"<p>\u201cSe hace en otras ciudades y tiene \u00e9xito\u201d, se\u00f1al\u00f3 el titular de la C\u00e1mara Comercial, Mariano Gonz\u00e1lez, quien anticip\u00f3 que \u201cvamos a hablar con cada comerciante para que presente su local con sus descuentos a elecci\u00f3n propia y de esta manera haremos algo bien consensuado\u201d. Todo surgi\u00f3 de una consulta realizada por el periodista Jorge [&hellip;]<\/p>\n","protected":false},"author":3,"featured_media":77911,"comment_status":"closed","ping_status":"closed","sticky":false,"template":"","format":"standard","meta":{"footnotes":""},"categories":[3],"tags":[],"class_list":["post-91317","post","type-post","status-publish","format-standard","has-post-thumbnail","category-masnoticias"],"_links":{"self":[{"href":"https:\/\/primicias2262.com\/noticias\/wp-json\/wp\/v2\/posts\/91317","targetHints":{"allow":["GET"]}}],"collection":[{"href":"https:\/\/primicias2262.com\/noticias\/wp-json\/wp\/v2\/posts"}],"about":[{"href":"https:\/\/primicias2262.com\/noticias\/wp-json\/wp\/v2\/types\/post"}],"author":[{"embeddable":true,"href":"https:\/\/primicias2262.com\/noticias\/wp-json\/wp\/v2\/users\/3"}],"replies":[{"embeddable":true,"href":"https:\/\/primicias2262.com\/noticias\/wp-json\/wp\/v2\/comments?post=91317"}],"version-history":[{"count":0,"href":"https:\/\/primicias2262.com\/noticias\/wp-json\/wp\/v2\/posts\/91317\/revisions"}],"wp:attachment":[{"href":"https:\/\/primicias2262.com\/noticias\/wp-json\/wp\/v2\/media?parent=91317"}],"wp:term":[{"taxonomy":"category","embeddable":true,"href":"https:\/\/primicias2262.com\/noticias\/wp-json\/wp\/v2\/categories?post=91317"},{"taxonomy":"post_tag","embeddable":true,"href":"https:\/\/primicias2262.com\/noticias\/wp-json\/wp\/v2\/tags?post=91317"}],"curies":[{"name":"wp","href":"https:\/\/api.w.org\/{rel}","templated":true}]}}