{"id":91320,"date":"2022-07-03T18:48:18","date_gmt":"2022-07-03T21:48:18","guid":{"rendered":"https:\/\/primicias2262.com\/?p=91320"},"modified":"2022-07-03T18:48:18","modified_gmt":"2022-07-03T21:48:18","slug":"preocupa-entre-los-vecinos-de-la-ribera-el-avance-de-la-erosion-sobre-la-margen-de-necochea","status":"publish","type":"post","link":"https:\/\/primicias2262.com\/noticias\/preocupa-entre-los-vecinos-de-la-ribera-el-avance-de-la-erosion-sobre-la-margen-de-necochea\/","title":{"rendered":"Preocupa entre los vecinos de la ribera el avance de la erosi\u00f3n sobre la margen de Necochea"},"content":{"rendered":"<p>Dos de los integrantes del Paseo de la Ribera, Marcos Testani y Ariel Gonz\u00e1lez, hablaron sobre el tema en \u201cVoces de la Ciudad\u201d, y comentaron las cartas que est\u00e1n tomando en el asunto.<\/p>\n<p>En primer t\u00e9rmino, Testani le coment\u00f3 al periodista Jorge G\u00f3mez que \u201cnos preocupa el tema de la erosi\u00f3n en el r\u00edo en la margen de Necochea, y es algo que no podemos resolver con la buena voluntad de los vecinos. La erosi\u00f3n se est\u00e1 comiendo medio metro de costa por a\u00f1o y se van cayendo los \u00e1rboles\u201d.<\/p>\n<p>A ello, el Dr. Gonz\u00e1lez a\u00f1adi\u00f3 que \u201clo que hemos averiguado es que la margen de Necochea es blanda, la parte dura est\u00e1 en Quequ\u00e9n, pero del lado nuestra choca el agua, rebota y empieza a horadar\u201d.<\/p>\n<p>Por tal motivo, ni lerdos ni perezosos, apunt\u00f3 Gonz\u00e1lez que \u201cpara mitigar esto nosotros cursaremos una nota que va a ingresar a Mesa de Entradas de la Municipalidad y de ah\u00ed ir\u00e1 directamente a la jefa de la secci\u00f3n 5ta de Hidr\u00e1ulica, Susana Laborde, para que se d\u00e9 la orden para que alguien venga y estudie qu\u00e9 tipo de contenci\u00f3n hay que implementar para que sea perdurable y no s\u00f3lo frene la erosi\u00f3n, sino que vuelva a ganar un poco de costa\u201d.<\/p>\n<p>Asimismo, Testani dej\u00f3 bien en claro que \u201cnosotros no podemos hacer nada, ni tirar piedra\u2026 primero tiene que suceder lo que dec\u00eda Ariel, que vengan, lo estudien y resuelvan\u201d, para acotar que \u201ces un inconveniente que se da a lo largo de los 4 kil\u00f3metros del Paseo, e incluso hacia Las Cascadas\u201d.<\/p>\n<p>Es m\u00e1s, si se traza una comparaci\u00f3n con el pasado reciente, Gonz\u00e1lez revel\u00f3 que \u201cmir\u00e1bamos una foto de Google de 2004, donde un desag\u00fce pluvial formaba parte de la barranca y hoy est\u00e1 desnudo a la mitad, m\u00e1s o menos como unos cuatro metros de ese desag\u00fce desnudo\u201d.<\/p>\n<p>Incluso, \u201ctuvimos que correr un mirador hace cuatro a\u00f1os, y al poco tiempo se desmoronaron sus cuatro bases, mientras que el cartel de punto panor\u00e1mico que marcaba el lugar donde estaba la balsa se cay\u00f3 la semana pasada\u201d, referenci\u00f3 el profesional en el cierre.<\/p>\n","protected":false},"excerpt":{"rendered":"<p>Dos de los integrantes del Paseo de la Ribera, Marcos Testani y Ariel Gonz\u00e1lez, hablaron sobre el tema en \u201cVoces de la Ciudad\u201d, y comentaron las cartas que est\u00e1n tomando en el asunto. En primer t\u00e9rmino, Testani le coment\u00f3 al periodista Jorge G\u00f3mez que \u201cnos preocupa el tema de la erosi\u00f3n en el r\u00edo en [&hellip;]<\/p>\n","protected":false},"author":3,"featured_media":78090,"comment_status":"closed","ping_status":"closed","sticky":false,"template":"","format":"standard","meta":{"footnotes":""},"categories":[3],"tags":[],"class_list":["post-91320","post","type-post","status-publish","format-standard","has-post-thumbnail","category-masnoticias"],"_links":{"self":[{"href":"https:\/\/primicias2262.com\/noticias\/wp-json\/wp\/v2\/posts\/91320","targetHints":{"allow":["GET"]}}],"collection":[{"href":"https:\/\/primicias2262.com\/noticias\/wp-json\/wp\/v2\/posts"}],"about":[{"href":"https:\/\/primicias2262.com\/noticias\/wp-json\/wp\/v2\/types\/post"}],"author":[{"embeddable":true,"href":"https:\/\/primicias2262.com\/noticias\/wp-json\/wp\/v2\/users\/3"}],"replies":[{"embeddable":true,"href":"https:\/\/primicias2262.com\/noticias\/wp-json\/wp\/v2\/comments?post=91320"}],"version-history":[{"count":0,"href":"https:\/\/primicias2262.com\/noticias\/wp-json\/wp\/v2\/posts\/91320\/revisions"}],"wp:attachment":[{"href":"https:\/\/primicias2262.com\/noticias\/wp-json\/wp\/v2\/media?parent=91320"}],"wp:term":[{"taxonomy":"category","embeddable":true,"href":"https:\/\/primicias2262.com\/noticias\/wp-json\/wp\/v2\/categories?post=91320"},{"taxonomy":"post_tag","embeddable":true,"href":"https:\/\/primicias2262.com\/noticias\/wp-json\/wp\/v2\/tags?post=91320"}],"curies":[{"name":"wp","href":"https:\/\/api.w.org\/{rel}","templated":true}]}}