{"id":91348,"date":"2022-07-04T17:15:48","date_gmt":"2022-07-04T20:15:48","guid":{"rendered":"https:\/\/primicias2262.com\/?p=91348"},"modified":"2022-07-04T17:15:48","modified_gmt":"2022-07-04T20:15:48","slug":"ledesma-el-plus-que-cobran-los-medicos-es-una-practica-ilegal-y-hay-que-tomar-cartas-en-el-asunto","status":"publish","type":"post","link":"https:\/\/primicias2262.com\/noticias\/ledesma-el-plus-que-cobran-los-medicos-es-una-practica-ilegal-y-hay-que-tomar-cartas-en-el-asunto\/","title":{"rendered":"Ledesma: el plus que cobran los m\u00e9dicos \u201ces una pr\u00e1ctica ilegal y hay que tomar cartas en el asunto\u201d"},"content":{"rendered":"<p>El secretario General de la CGT Necochea pas\u00f3 por \u201cVoces de la Ciudad\u201d y critic\u00f3 abiertamente esta vieja pr\u00e1ctica que llevan adelante los profesionales m\u00e9dicos de cobrar un plus en negro a los pacientes por sobre la cobertura de las obras sociales. Todo viene a colaci\u00f3n de una decisi\u00f3n del Colegio de M\u00e9dicos de la Provincia de Buenos Aires de institucionalizar dicha pr\u00e1ctica en todo el territorio bonaerense, y ya no s\u00f3lo en peque\u00f1as o medianas localidades.<\/p>\n<p>Ante ello, la CGT local ha elevado una nota al Ejecutivo Municipal y al propio gobernador de la Provincia, Axel Kicillof, a fin de manifestar la preocupaci\u00f3n por dicha aplicaci\u00f3n de la resoluci\u00f3n dictada por el Consejo Superior del Colegio de M\u00e9dicos de la Provincia, que lleva el valor m\u00f3dulo gasto operativo del consultorio a 1000 pesos actualizable.<\/p>\n<p>Ante la consulta del periodistas Jorge G\u00f3mez sobre este plus en negro\u201d, Ledesma enfatiz\u00f3 que \u201ces una pr\u00e1ctica que se viene llevando adelante hace varios a\u00f1os y que ha tra\u00eddo diferentes conflictos, pero se hab\u00eda sostenido de manera irregular o informal, pese a que incluso ha habido declaraciones period\u00edsticas del presidente del C\u00edrculo M\u00e9dico, reconociendo la pr\u00e1ctica, pero ahora lo han institucionalizado, lo que agrava todav\u00eda m\u00e1s la situaci\u00f3n porque es un perjuicio evidente dirigido al eslab\u00f3n m\u00e1s d\u00e9bil de la cadena, que es el paciente, que en una situaci\u00f3n absolutamente desfavorable debe someterse a un pago indebido para poder acceder a la atenci\u00f3n m\u00e9dica\u201d.<\/p>\n<p>Ahora, el colegio provincial lo ha formalizado de manera parcial, pero no obstante, \u201cno dice la resoluci\u00f3n de qu\u00e9 manera lo van a implementar, qu\u00e9 car\u00e1cter contable tendr\u00e1 y de qu\u00e9 forma se va a incluir dentro del convenio con las prepagas y las obras sociales\u201d, objet\u00f3 Ledesma.<\/p>\n<p>\u201cLa otra cuesti\u00f3n que es grave tambi\u00e9n, es que se ha extendido a todo el territorio de la Provincia de Buenos Aires, ya que esto viene pasando en localidades medianas o chicas como la nuestra, pero en los grandes centros urbanos no suced\u00eda, tal el caso de Mar del Plata, donde vecinos nuestros emigran para ser atendidos sin tener que pagar este dinero, pero ahora la resoluci\u00f3n involucra a toda la provincia\u201d, ampli\u00f3.<\/p>\n<p>Vale recordar que la naturalizaci\u00f3n del pago del famoso plus es de hace mucho y no hay constancia de nada, porque es un dinero que circula en negro entre los que reciben la atenci\u00f3n y el prestador m\u00e9dico, respecto a lo cual el gremialista sostuvo que \u201cla ausencia de controles ha permitido naturalizar una pr\u00e1ctica que es ilegal y lesiva con los intereses de los usuarios de prepagas y obras sociales, y en una cuesti\u00f3n tan sensible como la salud\u201d.<\/p>\n<p>Pero adem\u00e1s, se\u00f1al\u00f3 otra cuesti\u00f3n colateral: \u201cTodos estos d\u00e9ficits de la salud privada han venido recargando sistem\u00e1ticamente la atenci\u00f3n p\u00fablica, y muchas de las problem\u00e1ticas que hoy vemos expuestas en las quejas que se han vertido sobre la atenci\u00f3n p\u00fablica en los hospitales municipales tienen que ver con esta problem\u00e1tica\u201d, argument\u00f3 Ledesma, quien defini\u00f3 como desnudo al sistema p\u00fablico de salud ante un Colegio de M\u00e9dicos de la provincia, y es algo que se da desde hace muchos a\u00f1os \u201cque ha decidido institucionalizar esta pr\u00e1ctica y blanquear lo que vienen haciendo\u201d.<\/p>\n<p>Al fijar la lupa sobre lo local, manifest\u00f3 que \u201ctenemos un Concejo Deliberante que tiene una sobre representaci\u00f3n de la actividad m\u00e9dica profesional, hay dos m\u00e9dicos y una licenciada en Psicolog\u00eda, y por lo tanto el poder pol\u00edtico local tiene el conocimiento de cu\u00e1l es la situaci\u00f3n y supongo que tendr\u00e1 herramientas para dar la soluci\u00f3n\u201d.<\/p>\n<p>Ante el argumento de parte de los m\u00e9dicos de que no se ponen de acuerdo con las obras sociales por el monto que desean recibir, y por lo tanto, cobrarle esa diferencia directamente al paciente, afirm\u00f3: \u201cEs muy flaco y espero que no se extienda, estamos hablando de la salud de la gente y argumentos monetaristas no van\u201d.<\/p>\n<p>Finalmente, Ledesma asegur\u00f3 que \u201csin dudas faltan controles del Estado\u201d, y asever\u00f3 que \u201cestos cobros indebidos con cuatro inspectores de AFIP y uno del Ministerio de Trabajo se resuelven en una semana, ya que el cobro es en negro por parte de las secretarias que atienden los consultorios y que ponen la cara cuando tienen que cobrar el plus porque los m\u00e9dicos no tienen la dignidad de poner la cara ellos\u201d.<\/p>\n<p>A\u00f1adi\u00f3: \u201cCreo que hay que tomar una decisi\u00f3n pol\u00edtica porque llegamos a una instancia en la que el c\u00edrculo termina afectando directamente al conjunto de la sociedad, ya que si la atenci\u00f3n de la salud privada es deficitaria, se extiende y perjudica a los servicios de salud p\u00fablica, que est\u00e1n hechos para dar acceso a la salud a quienes no pueden pagar una prepaga o no tienen acceso a una obra social\u201d.<\/p>\n","protected":false},"excerpt":{"rendered":"<p>El secretario General de la CGT Necochea pas\u00f3 por \u201cVoces de la Ciudad\u201d y critic\u00f3 abiertamente esta vieja pr\u00e1ctica que llevan adelante los profesionales m\u00e9dicos de cobrar un plus en negro a los pacientes por sobre la cobertura de las obras sociales. Todo viene a colaci\u00f3n de una decisi\u00f3n del Colegio de M\u00e9dicos de la [&hellip;]<\/p>\n","protected":false},"author":3,"featured_media":82088,"comment_status":"closed","ping_status":"closed","sticky":false,"template":"","format":"standard","meta":{"footnotes":""},"categories":[3],"tags":[],"class_list":["post-91348","post","type-post","status-publish","format-standard","has-post-thumbnail","category-masnoticias"],"_links":{"self":[{"href":"https:\/\/primicias2262.com\/noticias\/wp-json\/wp\/v2\/posts\/91348","targetHints":{"allow":["GET"]}}],"collection":[{"href":"https:\/\/primicias2262.com\/noticias\/wp-json\/wp\/v2\/posts"}],"about":[{"href":"https:\/\/primicias2262.com\/noticias\/wp-json\/wp\/v2\/types\/post"}],"author":[{"embeddable":true,"href":"https:\/\/primicias2262.com\/noticias\/wp-json\/wp\/v2\/users\/3"}],"replies":[{"embeddable":true,"href":"https:\/\/primicias2262.com\/noticias\/wp-json\/wp\/v2\/comments?post=91348"}],"version-history":[{"count":0,"href":"https:\/\/primicias2262.com\/noticias\/wp-json\/wp\/v2\/posts\/91348\/revisions"}],"wp:attachment":[{"href":"https:\/\/primicias2262.com\/noticias\/wp-json\/wp\/v2\/media?parent=91348"}],"wp:term":[{"taxonomy":"category","embeddable":true,"href":"https:\/\/primicias2262.com\/noticias\/wp-json\/wp\/v2\/categories?post=91348"},{"taxonomy":"post_tag","embeddable":true,"href":"https:\/\/primicias2262.com\/noticias\/wp-json\/wp\/v2\/tags?post=91348"}],"curies":[{"name":"wp","href":"https:\/\/api.w.org\/{rel}","templated":true}]}}