{"id":91350,"date":"2022-07-04T17:20:11","date_gmt":"2022-07-04T20:20:11","guid":{"rendered":"https:\/\/primicias2262.com\/?p=91350"},"modified":"2022-07-04T17:20:11","modified_gmt":"2022-07-04T20:20:11","slug":"llaman-a-contribuyentes-por-nichos-vencidos-en-el-cementerio-de-quequen","status":"publish","type":"post","link":"https:\/\/primicias2262.com\/noticias\/llaman-a-contribuyentes-por-nichos-vencidos-en-el-cementerio-de-quequen\/","title":{"rendered":"Llaman a contribuyentes por nichos vencidos en el Cementerio de Quequ\u00e9n"},"content":{"rendered":"<p><strong>A partir de hoy, los responsables tienen 90 d\u00edas para regularizar su situaci\u00f3n en la Delegaci\u00f3n o bien en la Oficina de la Agencia de Recaudaci\u00f3n Municipal<\/strong><\/p>\n<p>La Delegaci\u00f3n de Quequ\u00e9n dio a conocer un listado con el detalle de sepulturas y nichos ubicados en el cementerio de la localidad, cuyos derechos de arrendamiento y\/o renovaci\u00f3n llegaron a su vencimiento.<\/p>\n<p>En este case espec\u00edfico se detallan datos de las secciones A, B, F, G, H, I y J, entre las filas 1 y 5, por lo que se convoca a los responsables a que se acerquen a regularizar su situaci\u00f3n a la mencionada Delegaci\u00f3n, ubicada en 560 y 521, para lo que tienen hasta 90 d\u00edas; o bien a la Oficina de la Agencia de Recaudaci\u00f3n Municipal, situada en la esquina de 63 y 54.<\/p>\n<p>Vale resaltar que la n\u00f3mina de estos nichos citados est\u00e1n encuadrados de acuerdo al art\u00edculo 292 de la Ordenanza Fiscal e Impositiva 2022, por lo que la no regularizaci\u00f3n de la deuda contra\u00edda dar\u00e1 lugar a que los restos del familiar sean trasladados a osario.<\/p>\n","protected":false},"excerpt":{"rendered":"<p>A partir de hoy, los responsables tienen 90 d\u00edas para regularizar su situaci\u00f3n en la Delegaci\u00f3n o bien en la Oficina de la Agencia de Recaudaci\u00f3n Municipal La Delegaci\u00f3n de Quequ\u00e9n dio a conocer un listado con el detalle de sepulturas y nichos ubicados en el cementerio de la localidad, cuyos derechos de arrendamiento y\/o [&hellip;]<\/p>\n","protected":false},"author":3,"featured_media":91351,"comment_status":"closed","ping_status":"closed","sticky":false,"template":"","format":"standard","meta":{"footnotes":""},"categories":[3],"tags":[],"class_list":["post-91350","post","type-post","status-publish","format-standard","has-post-thumbnail","category-masnoticias"],"_links":{"self":[{"href":"https:\/\/primicias2262.com\/noticias\/wp-json\/wp\/v2\/posts\/91350","targetHints":{"allow":["GET"]}}],"collection":[{"href":"https:\/\/primicias2262.com\/noticias\/wp-json\/wp\/v2\/posts"}],"about":[{"href":"https:\/\/primicias2262.com\/noticias\/wp-json\/wp\/v2\/types\/post"}],"author":[{"embeddable":true,"href":"https:\/\/primicias2262.com\/noticias\/wp-json\/wp\/v2\/users\/3"}],"replies":[{"embeddable":true,"href":"https:\/\/primicias2262.com\/noticias\/wp-json\/wp\/v2\/comments?post=91350"}],"version-history":[{"count":0,"href":"https:\/\/primicias2262.com\/noticias\/wp-json\/wp\/v2\/posts\/91350\/revisions"}],"wp:attachment":[{"href":"https:\/\/primicias2262.com\/noticias\/wp-json\/wp\/v2\/media?parent=91350"}],"wp:term":[{"taxonomy":"category","embeddable":true,"href":"https:\/\/primicias2262.com\/noticias\/wp-json\/wp\/v2\/categories?post=91350"},{"taxonomy":"post_tag","embeddable":true,"href":"https:\/\/primicias2262.com\/noticias\/wp-json\/wp\/v2\/tags?post=91350"}],"curies":[{"name":"wp","href":"https:\/\/api.w.org\/{rel}","templated":true}]}}