{"id":91353,"date":"2022-07-04T17:24:28","date_gmt":"2022-07-04T20:24:28","guid":{"rendered":"https:\/\/primicias2262.com\/?p=91353"},"modified":"2022-07-04T17:24:28","modified_gmt":"2022-07-04T20:24:28","slug":"preparan-la-5ta-edicion-de-volando-bajito-necochea-con-fines-solidarios","status":"publish","type":"post","link":"https:\/\/primicias2262.com\/noticias\/preparan-la-5ta-edicion-de-volando-bajito-necochea-con-fines-solidarios\/","title":{"rendered":"Preparan la 5ta edici\u00f3n de \u201cVolando Bajito Necochea\u201d con fines solidarios"},"content":{"rendered":"<p>El tradicional evento de exhibici\u00f3n y show de autos se anuncia para el domingo 7 de agosto en el predio del Club N\u00e1utico, sobre Jesuita Cardiel y 38, donde la entrada simb\u00f3lica pueden ser alimentos no perecederos o ropa de abrigo.<\/p>\n<p>Dos de los integrantes de VBN y organizadores del \u2018Car show\u2019, Jos\u00e9 Mar\u00eda Sebastiani y Ail\u00edn Vergera D\u00edaz, estuvieron en los estudios de \u201cVoces de la Ciudad\u201d, donde informaron a la audiencia que la 5ta edici\u00f3n ser\u00e1 el domingo 7 de agosto desde las 10 a las 18, y en caso de lluvia se pospondr\u00e1 por una semana, para el s\u00e1bado 14.<\/p>\n<p>Ante la consulta del periodista Jorge G\u00f3mez, Sebastiani destac\u00f3 que \u201cdurante todo el d\u00eda vamos a realizar una exhibici\u00f3n de autos de todo tipo, y con fines solidarios\u201d, ya que tambi\u00e9n estar\u00e1 participando Marcos Fern\u00e1ndez de Identidad Vecinal, que juntar\u00e1 las donaciones de alimentos no perecederos, ropa de abrigo, frazadas y zapatillas.<\/p>\n<p>Si bien cada auto que quiera exponer tendr\u00e1 que abonar un costo de 500 pesos, aclararon desde la organizaci\u00f3n que \u201cpara la gente en general la entrada ser\u00e1 gratuita\u201d, tras lo que ampliaron que en la jornada \u201chabr\u00e1 stands de comidas, diplomas, sorteos, calcos y dem\u00e1s\u201d.<\/p>\n<p>\u201cPara nosotros se trata de compartir las dos cosas: la pasi\u00f3n por los autos y el fin solidario\u201d, afirm\u00f3 Ail\u00edn, quien destac\u00f3 que habr\u00e1 participaci\u00f3n de autos de Mar del Plata, Lober\u00eda, San Cayetano e incluso de Buenos Aires, y para quienes deseen participar o colaborar inform\u00f3 que pueden comunicarse al 2262-359427, o al Instagram y Facebook Volando bajito Necochea.<\/p>\n","protected":false},"excerpt":{"rendered":"<p>El tradicional evento de exhibici\u00f3n y show de autos se anuncia para el domingo 7 de agosto en el predio del Club N\u00e1utico, sobre Jesuita Cardiel y 38, donde la entrada simb\u00f3lica pueden ser alimentos no perecederos o ropa de abrigo. Dos de los integrantes de VBN y organizadores del \u2018Car show\u2019, Jos\u00e9 Mar\u00eda Sebastiani [&hellip;]<\/p>\n","protected":false},"author":3,"featured_media":91354,"comment_status":"closed","ping_status":"closed","sticky":false,"template":"","format":"standard","meta":{"footnotes":""},"categories":[3],"tags":[],"class_list":["post-91353","post","type-post","status-publish","format-standard","has-post-thumbnail","category-masnoticias"],"_links":{"self":[{"href":"https:\/\/primicias2262.com\/noticias\/wp-json\/wp\/v2\/posts\/91353","targetHints":{"allow":["GET"]}}],"collection":[{"href":"https:\/\/primicias2262.com\/noticias\/wp-json\/wp\/v2\/posts"}],"about":[{"href":"https:\/\/primicias2262.com\/noticias\/wp-json\/wp\/v2\/types\/post"}],"author":[{"embeddable":true,"href":"https:\/\/primicias2262.com\/noticias\/wp-json\/wp\/v2\/users\/3"}],"replies":[{"embeddable":true,"href":"https:\/\/primicias2262.com\/noticias\/wp-json\/wp\/v2\/comments?post=91353"}],"version-history":[{"count":0,"href":"https:\/\/primicias2262.com\/noticias\/wp-json\/wp\/v2\/posts\/91353\/revisions"}],"wp:attachment":[{"href":"https:\/\/primicias2262.com\/noticias\/wp-json\/wp\/v2\/media?parent=91353"}],"wp:term":[{"taxonomy":"category","embeddable":true,"href":"https:\/\/primicias2262.com\/noticias\/wp-json\/wp\/v2\/categories?post=91353"},{"taxonomy":"post_tag","embeddable":true,"href":"https:\/\/primicias2262.com\/noticias\/wp-json\/wp\/v2\/tags?post=91353"}],"curies":[{"name":"wp","href":"https:\/\/api.w.org\/{rel}","templated":true}]}}